{"id":2394,"date":"2017-02-28T22:10:55","date_gmt":"2017-03-01T04:10:55","guid":{"rendered":"http:\/\/www.inter-accion.com.mx\/?p=2394"},"modified":"2017-02-28T22:10:55","modified_gmt":"2017-03-01T04:10:55","slug":"se-repliegan-civiles-armados-de-chilapa","status":"publish","type":"post","link":"https:\/\/www.interaccionnoticias.com.mx\/?p=2394","title":{"rendered":"Foro acad\u00e9mico de derechos humanos y acceso a los derechos sociales"},"content":{"rendered":"<p>El Secretario General de Gobierno, Florencio Salazar Adame, en representaci\u00f3n del Gobernador del Estado, H\u00e9ctor Astudillo Flores estuvo presente en el \u00abForo Acad\u00e9mico de Derechos Humanos y Acceso a los Derechos&nbsp; Sociales\u00bb.<br \/>\nEn el marco de la conmemoraci\u00f3n del Centenario de la Constituci\u00f3n de 1917, la Secretar\u00eda General de Gobierno en coordinaci\u00f3n con la Secretar\u00eda de Desarrollo Social Federal (SEDESOL), realiz\u00f3 el \u00abForo Acad\u00e9mico de Derechos Humanos y Acceso a los Derechos&nbsp; Sociales\u00bb el cual se desarroll\u00f3 &nbsp;en el auditorio Jos\u00e9 Joaqu\u00edn de Herrera, con un total de mil invitados.<br \/>\nDavid Garay Maldonado, abogado general de SEDESOL, fue el encargado de moderar las ponencias sobre: el cumplimiento de los derechos sociales en el estado de Guerrero, ante el fen\u00f3meno de los deportados; derechos sociales; los derechos sociales con enfoque a los Derechos Humanos; El derecho fundamental a la tutela judicial efectiva; La participaci\u00f3n ciudadana como mecanismo de exigibilidad y compromiso con derechos sociales y Los Derechos Sociales en la Constituci\u00f3n de 1917.<br \/>\nDichas ponencias fueron presentadas por el Dr. Ren\u00e9 Rom\u00e1n Salazar, Dr. Alfredo S\u00e1nchez Casta\u00f1eda, Mtra. Violeta Carolina Parra Reynada, Dr. Ra\u00fal Calvo Rivera, Dra. Virginia L\u00f3pez Valencia y el Mtro. Jaime Zacar\u00edas Merling, respectivamente.<br \/>\n&nbsp;<br \/>\n&nbsp;<br \/>\n<strong><em>&nbsp; &nbsp; &nbsp; &nbsp; &nbsp; &nbsp; &nbsp; &nbsp; &nbsp; &nbsp;<\/em><\/strong><\/p>\n","protected":false},"excerpt":{"rendered":"<p>El Secretario General de Gobierno, Florencio Salazar Adame, en representaci\u00f3n del Gobernador del Estado, H\u00e9ctor Astudillo Flores estuvo presente en el \u00abForo Acad\u00e9mico de Derechos Humanos y Acceso a los&hellip; <\/p>\n","protected":false},"author":1,"featured_media":0,"comment_status":"open","ping_status":"open","sticky":false,"template":"","format":"standard","meta":{"fifu_image_url":"","fifu_image_alt":"","footnotes":""},"categories":[8,11],"tags":[],"class_list":["post-2394","post","type-post","status-publish","format-standard","hentry","category-featured","category-guerrero"],"_links":{"self":[{"href":"https:\/\/www.interaccionnoticias.com.mx\/index.php?rest_route=\/wp\/v2\/posts\/2394","targetHints":{"allow":["GET"]}}],"collection":[{"href":"https:\/\/www.interaccionnoticias.com.mx\/index.php?rest_route=\/wp\/v2\/posts"}],"about":[{"href":"https:\/\/www.interaccionnoticias.com.mx\/index.php?rest_route=\/wp\/v2\/types\/post"}],"author":[{"embeddable":true,"href":"https:\/\/www.interaccionnoticias.com.mx\/index.php?rest_route=\/wp\/v2\/users\/1"}],"replies":[{"embeddable":true,"href":"https:\/\/www.interaccionnoticias.com.mx\/index.php?rest_route=%2Fwp%2Fv2%2Fcomments&post=2394"}],"version-history":[{"count":0,"href":"https:\/\/www.interaccionnoticias.com.mx\/index.php?rest_route=\/wp\/v2\/posts\/2394\/revisions"}],"wp:attachment":[{"href":"https:\/\/www.interaccionnoticias.com.mx\/index.php?rest_route=%2Fwp%2Fv2%2Fmedia&parent=2394"}],"wp:term":[{"taxonomy":"category","embeddable":true,"href":"https:\/\/www.interaccionnoticias.com.mx\/index.php?rest_route=%2Fwp%2Fv2%2Fcategories&post=2394"},{"taxonomy":"post_tag","embeddable":true,"href":"https:\/\/www.interaccionnoticias.com.mx\/index.php?rest_route=%2Fwp%2Fv2%2Ftags&post=2394"}],"curies":[{"name":"wp","href":"https:\/\/api.w.org\/{rel}","templated":true}]}}