{"id":23934,"date":"2019-04-02T18:37:46","date_gmt":"2019-04-03T00:37:46","guid":{"rendered":"http:\/\/www.inter-accion.com.mx\/?p=23934"},"modified":"2019-04-02T18:37:46","modified_gmt":"2019-04-03T00:37:46","slug":"en-pausa-261-trabajadores-de-prospera","status":"publish","type":"post","link":"https:\/\/www.interaccionnoticias.com.mx\/?p=23934","title":{"rendered":"En pausa 261 trabajadores de Prospera"},"content":{"rendered":"<p><strong>Tras la aprobaci\u00f3n de nuevas reglas de operaci\u00f3n, se sabr\u00e1 si son recontratados<\/strong><br \/>\nEl titular de la Secretar\u00eda de Salud del Gobierno estatal, Carlos De la Pe\u00f1a Pintos confirm\u00f3 que hay 261 trabajadores de Prospera que se encuentran \u201cen pausa\u201d, a partir de que dicho programa cambi\u00f3 de nombre y de que est\u00e1 por redise\u00f1arse sus reglas de operaci\u00f3n.<br \/>\nDe inicio, De la Pe\u00f1a Pintos manifest\u00f3 que se ha tenido el cuidado de garantizar la atenci\u00f3n m\u00e9dica a trav\u00e9s de los programas que se tienen a trav\u00e9s del Prospera, el cual ha cambiado su nombre al de Atenci\u00f3n M\u00e9dica y Medicamentos Gratuitos.<br \/>\nEn el caso de Guerrero, dijo que son 261 trabajadores, entre m\u00e9dicos y enfermeras que se encuentran en pausa, puesto que adem\u00e1s de cambiar de nombre, pasa a la Subsecretar\u00eda de Integraci\u00f3n del Gobierno de la Rep\u00fablica.<br \/>\nComo se est\u00e1 en la etapa de desarrollo de las reglas de operaci\u00f3n, dijo que ya ha intercambiad llamadas con los encargados de establecer las nuevas reglas de operaci\u00f3n, una vez que estas se tengan se proceder\u00e1 a firmar un acuerdo, en el que podr\u00edan determinarse las reglas de la eventual recontrataci\u00f3n de los trabajadores.<br \/>\nExplic\u00f3 que desde que se conoci\u00f3 la determinaci\u00f3n de desaparecer al Prospera, la Secretar\u00eda de Salud del estado se dio a la tarea de hacer los ajustes necesarios para garantizar la cobertura a la poblaci\u00f3n asignada a los m\u00e9dicos que se encuentran en pausa.<br \/>\nRecord\u00f3 que las familias Prospera en el componente de Salud, que tienen seguro popular son 421 mil familias, en tanto que el Seguro Popular tiene actualmente m\u00e1s de 2 millones 241 mil atendidos en la entidad.<br \/>\nHizo \u00e9nfasis en el hecho de que la Secretar\u00eda a su cargo tiene la cobertura del 70 por ciento de la poblaci\u00f3n general de Guerrero.<\/p>\n","protected":false},"excerpt":{"rendered":"<p>Tras la aprobaci\u00f3n de nuevas reglas de operaci\u00f3n, se sabr\u00e1 si son recontratados El titular de la Secretar\u00eda de Salud del Gobierno estatal, Carlos De la Pe\u00f1a Pintos confirm\u00f3 que&hellip; <\/p>\n","protected":false},"author":1,"featured_media":0,"comment_status":"closed","ping_status":"closed","sticky":false,"template":"","format":"standard","meta":{"fifu_image_url":"","fifu_image_alt":"","footnotes":""},"categories":[8,11],"tags":[],"class_list":["post-23934","post","type-post","status-publish","format-standard","hentry","category-featured","category-guerrero"],"_links":{"self":[{"href":"https:\/\/www.interaccionnoticias.com.mx\/index.php?rest_route=\/wp\/v2\/posts\/23934","targetHints":{"allow":["GET"]}}],"collection":[{"href":"https:\/\/www.interaccionnoticias.com.mx\/index.php?rest_route=\/wp\/v2\/posts"}],"about":[{"href":"https:\/\/www.interaccionnoticias.com.mx\/index.php?rest_route=\/wp\/v2\/types\/post"}],"author":[{"embeddable":true,"href":"https:\/\/www.interaccionnoticias.com.mx\/index.php?rest_route=\/wp\/v2\/users\/1"}],"replies":[{"embeddable":true,"href":"https:\/\/www.interaccionnoticias.com.mx\/index.php?rest_route=%2Fwp%2Fv2%2Fcomments&post=23934"}],"version-history":[{"count":0,"href":"https:\/\/www.interaccionnoticias.com.mx\/index.php?rest_route=\/wp\/v2\/posts\/23934\/revisions"}],"wp:attachment":[{"href":"https:\/\/www.interaccionnoticias.com.mx\/index.php?rest_route=%2Fwp%2Fv2%2Fmedia&parent=23934"}],"wp:term":[{"taxonomy":"category","embeddable":true,"href":"https:\/\/www.interaccionnoticias.com.mx\/index.php?rest_route=%2Fwp%2Fv2%2Fcategories&post=23934"},{"taxonomy":"post_tag","embeddable":true,"href":"https:\/\/www.interaccionnoticias.com.mx\/index.php?rest_route=%2Fwp%2Fv2%2Ftags&post=23934"}],"curies":[{"name":"wp","href":"https:\/\/api.w.org\/{rel}","templated":true}]}}