{"id":23931,"date":"2019-04-02T18:06:53","date_gmt":"2019-04-03T00:06:53","guid":{"rendered":"http:\/\/www.inter-accion.com.mx\/?p=23931"},"modified":"2019-04-02T18:06:53","modified_gmt":"2019-04-03T00:06:53","slug":"lider-del-congreso-de-guerrero-defiende-el-desempeno-de-la-bancada-de-morena","status":"publish","type":"post","link":"https:\/\/www.interaccionnoticias.com.mx\/?p=23931","title":{"rendered":"L\u00edder del Congreso de Guerrero defiende el desempe\u00f1o de la bancada de Morena"},"content":{"rendered":"<p><strong>\u201cEs la m\u00e1s productiva\u201d, asegura Antonio Helguera<\/strong><br \/>\nEl presidente de la Junta de Coordinaci\u00f3n Pol\u00edtica (Jucopo) del Congreso local, Antonio Helguera Jim\u00e9nez sostuvo que la 62 es la legislatura m\u00e1s productiva que ha tenido Guerrero.<br \/>\nEl lunes 1 de abril, el senador de la Rep\u00fablica, F\u00e9lix Salgado Macedonio fue cuestionado respecto al desempe\u00f1o que los integrantes de la fracci\u00f3n parlamentaria del Morena han tenido en lo que va de la 62 Legislatura, ante lo que reconoci\u00f3 que han dejado mucho que desear, pero argument\u00f3 que no se trata solo del caso de Guerrero, m\u00e1s bien, es un<br \/>\nproblema que se presenta en todo el pa\u00eds.<br \/>\nSalgado Macedonio atribuy\u00f3 el problema al hecho de que muchos dirigentes de Morena, tras las elecciones del 1 de julio de 2018 pasaron a ser parte de las estructuras de gobierno, ya sea de los estados o de la federaci\u00f3n, lo que propici\u00f3 que el partido se quedara sin liderazgos, de ah\u00ed que se necesite generar una estructura independiente, para ser competitivo.<br \/>\nAl respecto, el presidente de la Jucopo en el Congreso de Guerrero consider\u00f3 que la declaraci\u00f3n del representante popular fue manipulada.<br \/>\n\u201cEsas palabras realmente se las pusieron a nuestro compa\u00f1ero; el dijo que en todo el pa\u00eds, obviamente Morena no ha estado ejerciendo pues estos espacios de representaci\u00f3n y que obviamente, ha estado en proceso de aprendizaje, lo que creo que es natural\u201d.<br \/>\nAbund\u00f3: \u201cLo que s\u00ed podemos decirles, es que las fracciones de Morena son las m\u00e1s productivas en todo el pa\u00eds\u201d.<br \/>\nPara el caso de Guerrero, record\u00f3 que la bancada de Morena es la que m\u00e1s iniciativas de ley, puntos de acuerdo y exhorto ha presentado en los seis meses que han transcurrido.<br \/>\n\u201cTenemos m\u00e1s de 55 (iniciativas) turnadas en una sola comisi\u00f3n y otro tanto en otras, junto con puntos de acuerdo\u201d, refiri\u00f3.<br \/>\nHelguera Jim\u00e9nez respondi\u00f3 a los cuestionamientos sobre la marcha, no se detuvo y casi a punto de dar la espalda, record\u00f3 que otro punto a favor de la bancada de Morena en Guerrero es la modernizaci\u00f3n que registran actualmente las instalaciones del Congreso.<br \/>\nEntre los trabajos de modernizaci\u00f3n se encuentra la adquisici\u00f3n de un tablero electr\u00f3nico que represent\u00f3 un gasto de 7.1 millones de pesos, el cual fue instalado hace ya un par de semanas, pero que hasta el momento no se utiliza.<\/p>\n","protected":false},"excerpt":{"rendered":"<p>\u201cEs la m\u00e1s productiva\u201d, asegura Antonio Helguera El presidente de la Junta de Coordinaci\u00f3n Pol\u00edtica (Jucopo) del Congreso local, Antonio Helguera Jim\u00e9nez sostuvo que la 62 es la legislatura m\u00e1s&hellip; <\/p>\n","protected":false},"author":1,"featured_media":0,"comment_status":"closed","ping_status":"closed","sticky":false,"template":"","format":"standard","meta":{"fifu_image_url":"","fifu_image_alt":"","footnotes":""},"categories":[2,8],"tags":[],"class_list":["post-23931","post","type-post","status-publish","format-standard","hentry","category-congreso","category-featured"],"_links":{"self":[{"href":"https:\/\/www.interaccionnoticias.com.mx\/index.php?rest_route=\/wp\/v2\/posts\/23931","targetHints":{"allow":["GET"]}}],"collection":[{"href":"https:\/\/www.interaccionnoticias.com.mx\/index.php?rest_route=\/wp\/v2\/posts"}],"about":[{"href":"https:\/\/www.interaccionnoticias.com.mx\/index.php?rest_route=\/wp\/v2\/types\/post"}],"author":[{"embeddable":true,"href":"https:\/\/www.interaccionnoticias.com.mx\/index.php?rest_route=\/wp\/v2\/users\/1"}],"replies":[{"embeddable":true,"href":"https:\/\/www.interaccionnoticias.com.mx\/index.php?rest_route=%2Fwp%2Fv2%2Fcomments&post=23931"}],"version-history":[{"count":0,"href":"https:\/\/www.interaccionnoticias.com.mx\/index.php?rest_route=\/wp\/v2\/posts\/23931\/revisions"}],"wp:attachment":[{"href":"https:\/\/www.interaccionnoticias.com.mx\/index.php?rest_route=%2Fwp%2Fv2%2Fmedia&parent=23931"}],"wp:term":[{"taxonomy":"category","embeddable":true,"href":"https:\/\/www.interaccionnoticias.com.mx\/index.php?rest_route=%2Fwp%2Fv2%2Fcategories&post=23931"},{"taxonomy":"post_tag","embeddable":true,"href":"https:\/\/www.interaccionnoticias.com.mx\/index.php?rest_route=%2Fwp%2Fv2%2Ftags&post=23931"}],"curies":[{"name":"wp","href":"https:\/\/api.w.org\/{rel}","templated":true}]}}