{"id":23918,"date":"2019-04-01T20:45:46","date_gmt":"2019-04-02T02:45:46","guid":{"rendered":"http:\/\/www.inter-accion.com.mx\/?p=23918"},"modified":"2019-04-01T20:45:46","modified_gmt":"2019-04-02T02:45:46","slug":"felix-congresos-controlados-por-morena-dejan-mucho-que-desear","status":"publish","type":"post","link":"https:\/\/www.interaccionnoticias.com.mx\/?p=23918","title":{"rendered":"F\u00e9lix: Congresos controlados por Morena dejan mucho que desear"},"content":{"rendered":"<p>El senador F\u00e9lix Salgado Macedonio reconoci\u00f3 que la actuaci\u00f3n de los Congresos locales liderados por Morena ha dejado mucho que desear \u00aben todo el pa\u00eds\u00bb y admiti\u00f3 que hay \u00abuna gran desorganizaci\u00f3n como partido\u00bb.<br \/>\nEl legislador federal visit\u00f3 este lunes la ciudad de Chilpancingo, donde particip\u00f3 como mediador entre el ayuntamiento y un sindicato que se encontraba en paro laboral.<br \/>\nEn entrevista, se le cuestion\u00f3 sobre la evidente divisi\u00f3n que existe entre los diputados locales de su partido.<br \/>\nDe entrada, subray\u00f3 que se trata de una autonom\u00eda local y que por ello \u00e9l no ten\u00eda mayores comentarios.<br \/>\n\u00abEspero que salgan unidos siempre en torno a las votaciones, que tomen acuerdos\u00bb, apunt\u00f3.<br \/>\nDespu\u00e9s, un reportero le cuestion\u00f3 su opini\u00f3n sobre el desempe\u00f1o que han tenido los diputados locales de Morena.<br \/>\n&#8211; \u00abParece que en Guerrero los diputados de Morena han dejado mucho qu\u00e9 desear\u00bb, le se\u00f1al\u00f3 el periodista.<br \/>\n\u00abEn todo el pa\u00eds\u00bb, le contest\u00f3 Salgado Macedonio antes de que el reportero pudiera formular la pregunta.<br \/>\nSubray\u00f3 que el fundador de Morena, Andr\u00e9s Manuel L\u00f3pez Obrador, ahora est\u00e1 enfocado en hacer un buen gobierno y por ello, no hay un liderazgo que unifique y gu\u00ede el rumbo de los legisladores morenistas.<br \/>\n\u00abObrador est\u00e1 enfocado en su gobierno. Nada m\u00e1s tenemos a un gran l\u00edder en Morena, L\u00f3pez Obrador y ahora es el presidente de la Rep\u00fablica\u00bb, se\u00f1al\u00f3 el senador guerrerense.<br \/>\nAsimismo, subray\u00f3 que se carece de dirigencias estatales, ya que casi todos los l\u00edderes locales del partido est\u00e1n en diferentes funciones de gobierno.<br \/>\nUn ejemplo de ello es Pablo Am\u00edlcar Sandoval Ballesteros, quien pas\u00f3 de dirigente estatal de Morena a diputado local y ahora se desempe\u00f1a como coordinador del gobierno federal en Guerrero.<br \/>\n\u00ab(Los dirigentes de Morena en los estados) tienen tareas diferentes, pero casi todos est\u00e1n en el gobierno, unos de delegados, otros coordinando el Congreso local, de senadores, de diputados. Pr\u00e1cticamente no hay presidente de Morena en los estados y al no haber, hay una gran desorganizaci\u00f3n como partido\u00bb, expuso.<br \/>\nPor ello, hizo un llamado a \u00aborganizarse desde abajo, desde las bases y entender que si el partido Morena quiere vivir, si quiere existir y si quiere competir, tiene que generar su propia estructura como tal y no estar atenido al gobierno\u00bb.<br \/>\nSubray\u00f3 que el gobierno federal que encabeza Andr\u00e9s Manuel L\u00f3pez Obrador \u00abse deslinda de Morena\u00bb.<br \/>\nEn ese sentido, se\u00f1al\u00f3 que ya se legisl\u00f3 para convertir en delito electoral grave, sin derecho a fianza, \u00abel que se utilice al gobierno para fines electorales\u00bb<\/p>\n","protected":false},"excerpt":{"rendered":"<p>El senador F\u00e9lix Salgado Macedonio reconoci\u00f3 que la actuaci\u00f3n de los Congresos locales liderados por Morena ha dejado mucho que desear \u00aben todo el pa\u00eds\u00bb y admiti\u00f3 que hay \u00abuna&hellip; <\/p>\n","protected":false},"author":1,"featured_media":0,"comment_status":"closed","ping_status":"closed","sticky":false,"template":"","format":"standard","meta":{"fifu_image_url":"","fifu_image_alt":"","footnotes":""},"categories":[8,18],"tags":[],"class_list":["post-23918","post","type-post","status-publish","format-standard","hentry","category-featured","category-partidos-politicos"],"_links":{"self":[{"href":"https:\/\/www.interaccionnoticias.com.mx\/index.php?rest_route=\/wp\/v2\/posts\/23918","targetHints":{"allow":["GET"]}}],"collection":[{"href":"https:\/\/www.interaccionnoticias.com.mx\/index.php?rest_route=\/wp\/v2\/posts"}],"about":[{"href":"https:\/\/www.interaccionnoticias.com.mx\/index.php?rest_route=\/wp\/v2\/types\/post"}],"author":[{"embeddable":true,"href":"https:\/\/www.interaccionnoticias.com.mx\/index.php?rest_route=\/wp\/v2\/users\/1"}],"replies":[{"embeddable":true,"href":"https:\/\/www.interaccionnoticias.com.mx\/index.php?rest_route=%2Fwp%2Fv2%2Fcomments&post=23918"}],"version-history":[{"count":0,"href":"https:\/\/www.interaccionnoticias.com.mx\/index.php?rest_route=\/wp\/v2\/posts\/23918\/revisions"}],"wp:attachment":[{"href":"https:\/\/www.interaccionnoticias.com.mx\/index.php?rest_route=%2Fwp%2Fv2%2Fmedia&parent=23918"}],"wp:term":[{"taxonomy":"category","embeddable":true,"href":"https:\/\/www.interaccionnoticias.com.mx\/index.php?rest_route=%2Fwp%2Fv2%2Fcategories&post=23918"},{"taxonomy":"post_tag","embeddable":true,"href":"https:\/\/www.interaccionnoticias.com.mx\/index.php?rest_route=%2Fwp%2Fv2%2Ftags&post=23918"}],"curies":[{"name":"wp","href":"https:\/\/api.w.org\/{rel}","templated":true}]}}