{"id":23912,"date":"2019-04-01T18:00:11","date_gmt":"2019-04-02T00:00:11","guid":{"rendered":"http:\/\/www.inter-accion.com.mx\/?p=23912"},"modified":"2019-04-01T18:00:11","modified_gmt":"2019-04-02T00:00:11","slug":"via-whatsapp-gonzalo-molina-rechaza-que-se-haya-auto-levantado-para-victimizarse","status":"publish","type":"post","link":"https:\/\/www.interaccionnoticias.com.mx\/?p=23912","title":{"rendered":"V\u00eda Whatsapp, Gonzalo Molina rechaza que se haya \u201cauto levantado\u201d para victimizarse"},"content":{"rendered":"<p><strong>Sostiene que fue v\u00edctima de tres intentos de levant\u00f3n<\/strong><br \/>\nV\u00eda un audio que difundi\u00f3 a trav\u00e9s del whatsapp, el ex promotor de la Polic\u00eda Comunitaria del Tixtla, Gonzalo Molina Gonz\u00e1lez neg\u00f3 que haya organizado un auto secuestro o auto levant\u00f3n para victimizarse ante la opini\u00f3n p\u00fablica.<br \/>\nEl mensaje inicialmente va dirigido a la Coordinadora Regional de Autoridades Comunitarias (CRAC), a las organizaciones sociales, medios de comunicaci\u00f3n y al pueblo en general, en un primer momento para agradecerles que se hayan pronunciado por su presentaci\u00f3n con vida, luego de que se diera a conocer que estaba desaparecido.<br \/>\nEn otro momento, se dirige a las personas que denostaron lo reportado la noche del 26 de marzo, cuando se dej\u00f3 entrever la posibilidad de que en realidad se tratara de un auto-secuestro o auto-levant\u00f3n.<br \/>\n\u201cQuiero decirles que hacer eso para mi, seria como una traici\u00f3n a la memoria de todas aquellas personas que han ca\u00eddo por defender el territorio comunitario y una traici\u00f3n a nuestra instituci\u00f3n comunitaria; CRAC-PC\u201d.<br \/>\nSostiene que sufri\u00f3 tres intentos de levant\u00f3n, a pesar de que ten\u00eda activado el mecanismo de protecci\u00f3n que el Estado Mexicano le hab\u00eda otorgado.<br \/>\n\u201cPude sobrevivir gracias a que pudimos reaccionar a tiempo y ponernos a salvo por nuestros propios medios, con esto, experiment\u00e9 en carne propia, la vulnerabilidad la inexistencia de la defensa de los derechos humanos del Estado Mexicano\u201d.<br \/>\nEn consecuencia, hizo un llamado a los organismos internacionales, para que le exijan al Estado Mexicano la protecci\u00f3n de sus derechos humanos, habida cuenta de que son varios los luchadores sociales que han sido asesinados.<br \/>\nPuso como ejemplo el asesinato cometido en contra de Samir Flores, en el estado de Morelos; No\u00e9 Jim\u00e9nez en Chiapas; Eulodia D\u00edaz en el Estado de M\u00e9xico.<br \/>\nMolina Gonz\u00e1lez llama a la organizaci\u00f3n de los pueblos para alcanzar la paz, justicia y seguridad.<br \/>\nCierra con un pronunciamiento a favor de la libertad de los presos pol\u00edticos y ratifica su determinaci\u00f3n de seguir en la lucha por la defensa del territorio comunitario.<\/p>\n","protected":false},"excerpt":{"rendered":"<p>Sostiene que fue v\u00edctima de tres intentos de levant\u00f3n V\u00eda un audio que difundi\u00f3 a trav\u00e9s del whatsapp, el ex promotor de la Polic\u00eda Comunitaria del Tixtla, Gonzalo Molina Gonz\u00e1lez&hellip; <\/p>\n","protected":false},"author":1,"featured_media":0,"comment_status":"closed","ping_status":"closed","sticky":false,"template":"","format":"standard","meta":{"fifu_image_url":"","fifu_image_alt":"","footnotes":""},"categories":[8,15],"tags":[],"class_list":["post-23912","post","type-post","status-publish","format-standard","hentry","category-featured","category-movimientos-sociales"],"_links":{"self":[{"href":"https:\/\/www.interaccionnoticias.com.mx\/index.php?rest_route=\/wp\/v2\/posts\/23912","targetHints":{"allow":["GET"]}}],"collection":[{"href":"https:\/\/www.interaccionnoticias.com.mx\/index.php?rest_route=\/wp\/v2\/posts"}],"about":[{"href":"https:\/\/www.interaccionnoticias.com.mx\/index.php?rest_route=\/wp\/v2\/types\/post"}],"author":[{"embeddable":true,"href":"https:\/\/www.interaccionnoticias.com.mx\/index.php?rest_route=\/wp\/v2\/users\/1"}],"replies":[{"embeddable":true,"href":"https:\/\/www.interaccionnoticias.com.mx\/index.php?rest_route=%2Fwp%2Fv2%2Fcomments&post=23912"}],"version-history":[{"count":0,"href":"https:\/\/www.interaccionnoticias.com.mx\/index.php?rest_route=\/wp\/v2\/posts\/23912\/revisions"}],"wp:attachment":[{"href":"https:\/\/www.interaccionnoticias.com.mx\/index.php?rest_route=%2Fwp%2Fv2%2Fmedia&parent=23912"}],"wp:term":[{"taxonomy":"category","embeddable":true,"href":"https:\/\/www.interaccionnoticias.com.mx\/index.php?rest_route=%2Fwp%2Fv2%2Fcategories&post=23912"},{"taxonomy":"post_tag","embeddable":true,"href":"https:\/\/www.interaccionnoticias.com.mx\/index.php?rest_route=%2Fwp%2Fv2%2Ftags&post=23912"}],"curies":[{"name":"wp","href":"https:\/\/api.w.org\/{rel}","templated":true}]}}