{"id":23903,"date":"2019-04-01T17:29:37","date_gmt":"2019-04-01T23:29:37","guid":{"rendered":"http:\/\/www.inter-accion.com.mx\/?p=23903"},"modified":"2019-04-01T17:29:37","modified_gmt":"2019-04-01T23:29:37","slug":"toman-nuevamente-la-caseta-de-la-venta","status":"publish","type":"post","link":"https:\/\/www.interaccionnoticias.com.mx\/?p=23903","title":{"rendered":"TOMAN NUEVAMENTE LA CASETA DE LA VENTA"},"content":{"rendered":"<p><strong>Acapulco, Gro. \u2013<\/strong> Los \u00faltimos tres d\u00edas, integrantes del Movimiento por la Libertad de los Presos Pol\u00edticos del Estado de Guerrero, han tomado las garitas de peaje en la caseta de La Venta de la Autopista del Sol en Acapulco.<br \/>\nSe estima que han logrado recaudar m\u00e1s de 350 mil pesos, debido al cobro de \u201ccuotas voluntarias\u201d a los automovilistas que transitan en la v\u00eda de cuota entre Chilpancingo y Acapulco.<br \/>\nDe acuerdo con informes de la Polic\u00eda Federal del sector caminos, desde el pasado s\u00e1bado los integrantes del MOLPPEG, permanecieron desde las 16 hasta las 21 horas en que se retiraron de las garitas de peaje.<br \/>\nPara el domingo 31 de marzo, llegaron desde las 15 horas y se retiraron poco despu\u00e9s de la 20:30 horas, este lunes arribaron a las 06:00 de la ma\u00f1ana y se retiraron hasta pasadas las once horas.<br \/>\nEn todos los casos, son entre 30 y 40 personas en su mayor\u00eda embozados y se trata de mujeres, j\u00f3venes y hombres que toman las garitas de entrada al puerto de Acapulco y las de salida a Chilpancingo.<br \/>\nEste lunes, minutos antes de las seis de la ma\u00f1ana, arrib\u00f3 un grupo de alrededor de 40 personas a la caseta de La Venta, en la Autopista del Sol, para tomar el control de los m\u00f3dulos de cobro para pedir una \u201ccooperaci\u00f3n voluntaria\u201d, a todos los automovilistas y transportistas.<br \/>\nAseguran que todo lo que se ha recaudado es para pagar fianzas de miembros del Consejo de Ejidos y Comunidades Opositoras a la presa la Parota (CECOP), y de la Coordinadora Regional de Autoridades Comunitarias (CRAC), que permanecen presos en el penal estatal de Las Cruces en el puerto de Acapulco.<br \/>\nEn una de las garitas los manifestantes del MOLPPEG, colocaron una manta con las siglas del Movimiento por la Libertad de los Presos Pol\u00edticos del Estado de Guerrero, como ya lo han realizado antes.<\/p>\n","protected":false},"excerpt":{"rendered":"<p>Acapulco, Gro. \u2013 Los \u00faltimos tres d\u00edas, integrantes del Movimiento por la Libertad de los Presos Pol\u00edticos del Estado de Guerrero, han tomado las garitas de peaje en la caseta&hellip; <\/p>\n","protected":false},"author":1,"featured_media":0,"comment_status":"closed","ping_status":"closed","sticky":false,"template":"","format":"standard","meta":{"fifu_image_url":"","fifu_image_alt":"","footnotes":""},"categories":[8,23],"tags":[],"class_list":["post-23903","post","type-post","status-publish","format-standard","hentry","category-featured","category-regionales"],"_links":{"self":[{"href":"https:\/\/www.interaccionnoticias.com.mx\/index.php?rest_route=\/wp\/v2\/posts\/23903","targetHints":{"allow":["GET"]}}],"collection":[{"href":"https:\/\/www.interaccionnoticias.com.mx\/index.php?rest_route=\/wp\/v2\/posts"}],"about":[{"href":"https:\/\/www.interaccionnoticias.com.mx\/index.php?rest_route=\/wp\/v2\/types\/post"}],"author":[{"embeddable":true,"href":"https:\/\/www.interaccionnoticias.com.mx\/index.php?rest_route=\/wp\/v2\/users\/1"}],"replies":[{"embeddable":true,"href":"https:\/\/www.interaccionnoticias.com.mx\/index.php?rest_route=%2Fwp%2Fv2%2Fcomments&post=23903"}],"version-history":[{"count":0,"href":"https:\/\/www.interaccionnoticias.com.mx\/index.php?rest_route=\/wp\/v2\/posts\/23903\/revisions"}],"wp:attachment":[{"href":"https:\/\/www.interaccionnoticias.com.mx\/index.php?rest_route=%2Fwp%2Fv2%2Fmedia&parent=23903"}],"wp:term":[{"taxonomy":"category","embeddable":true,"href":"https:\/\/www.interaccionnoticias.com.mx\/index.php?rest_route=%2Fwp%2Fv2%2Fcategories&post=23903"},{"taxonomy":"post_tag","embeddable":true,"href":"https:\/\/www.interaccionnoticias.com.mx\/index.php?rest_route=%2Fwp%2Fv2%2Ftags&post=23903"}],"curies":[{"name":"wp","href":"https:\/\/api.w.org\/{rel}","templated":true}]}}