{"id":23894,"date":"2019-04-01T11:14:25","date_gmt":"2019-04-01T17:14:25","guid":{"rendered":"http:\/\/www.inter-accion.com.mx\/?p=23894"},"modified":"2019-04-01T11:14:25","modified_gmt":"2019-04-01T17:14:25","slug":"astudillo-marzo-2019-es-el-mes-con-menor-incidencia-en-varios-anos","status":"publish","type":"post","link":"https:\/\/www.interaccionnoticias.com.mx\/?p=23894","title":{"rendered":"Astudillo: Marzo 2019 es el mes con menor incidencia en varios a\u00f1os"},"content":{"rendered":"<p><strong>El gobernador de Guerrero pide que no haya despidos de trabajadores de Prospera<\/strong><br \/>\nEl gobernador H\u00e9ctor Astudillo Flores se pronunci\u00f3 en contra de que la administraci\u00f3n p\u00fablica federal deje sin trabajo a los empleados de Prospera, tambi\u00e9n sostuvo que marzo fue el mes que menor incidencia delictiva ha tenido en los \u00faltimos a\u00f1os.<br \/>\nEn la explanada del Palacio de Gobierno, Astudillo Flores encabez\u00f3 los honores a la bandera, como sucede el primer lunes de cada mes.<br \/>\nAh\u00ed fue cuestionado sobre el anuncio hecho por el gobierno federal, en el sentido de que una cantidad importantes de trabajadores de Prospera, programa que auspici\u00f3 la extinta Secretar\u00eda de Desarrollo Social (Sedesol) perder\u00e1n su empleo, ya que no se renovar\u00e1n la mayor\u00eda de los contratos.<br \/>\n\u201cHay que hablar con el gobierno federal para ver que es lo que va a pasar con este grupo de personas que se van a quedar sin trabajo\u201d, anot\u00f3.<br \/>\nLuego abund\u00f3 sobre el tema: \u201cmi propuesta es que no les quiten el trabajo, porque ning\u00fan cambio de gobierno puede tomar la ruta de quitar empleos, porque ya de por s\u00ed Guerrero es un estado muy lastimado como para quitarle el empleo a 200, 100 o 50 personas, ese es un asunto que no lo comparto\u201d.<br \/>\nEn cuanto al tema de la inseguridad, manifest\u00f3 que marzo es hasta el momento, el mes que durante los \u00faltimos a\u00f1os m\u00e1s bajo en \u00edndice delictivo.<br \/>\nAdmiti\u00f3 que se registran algunos casos que llaman la atenci\u00f3n de la ciudadan\u00eda, pero sostuvo que en la estad\u00edstica que se tiene, la disminuci\u00f3n en la incidencia delictiva es muy evidente.<br \/>\nSostuvo: \u201cLlegamos a 3.77 y cuando yo llegu\u00e9 al gobierno (2015) llegamos a 6 y 6.5 por ciento, en este mes que acaba de concluir hubo menos de 120 asesinatos, cuando en promedio and\u00e1bamos por arriba de los 152\u201d.<\/p>\n","protected":false},"excerpt":{"rendered":"<p>El gobernador de Guerrero pide que no haya despidos de trabajadores de Prospera El gobernador H\u00e9ctor Astudillo Flores se pronunci\u00f3 en contra de que la administraci\u00f3n p\u00fablica federal deje sin&hellip; <\/p>\n","protected":false},"author":1,"featured_media":0,"comment_status":"closed","ping_status":"closed","sticky":false,"template":"","format":"standard","meta":{"fifu_image_url":"","fifu_image_alt":"","footnotes":""},"categories":[8,11],"tags":[],"class_list":["post-23894","post","type-post","status-publish","format-standard","hentry","category-featured","category-guerrero"],"_links":{"self":[{"href":"https:\/\/www.interaccionnoticias.com.mx\/index.php?rest_route=\/wp\/v2\/posts\/23894","targetHints":{"allow":["GET"]}}],"collection":[{"href":"https:\/\/www.interaccionnoticias.com.mx\/index.php?rest_route=\/wp\/v2\/posts"}],"about":[{"href":"https:\/\/www.interaccionnoticias.com.mx\/index.php?rest_route=\/wp\/v2\/types\/post"}],"author":[{"embeddable":true,"href":"https:\/\/www.interaccionnoticias.com.mx\/index.php?rest_route=\/wp\/v2\/users\/1"}],"replies":[{"embeddable":true,"href":"https:\/\/www.interaccionnoticias.com.mx\/index.php?rest_route=%2Fwp%2Fv2%2Fcomments&post=23894"}],"version-history":[{"count":0,"href":"https:\/\/www.interaccionnoticias.com.mx\/index.php?rest_route=\/wp\/v2\/posts\/23894\/revisions"}],"wp:attachment":[{"href":"https:\/\/www.interaccionnoticias.com.mx\/index.php?rest_route=%2Fwp%2Fv2%2Fmedia&parent=23894"}],"wp:term":[{"taxonomy":"category","embeddable":true,"href":"https:\/\/www.interaccionnoticias.com.mx\/index.php?rest_route=%2Fwp%2Fv2%2Fcategories&post=23894"},{"taxonomy":"post_tag","embeddable":true,"href":"https:\/\/www.interaccionnoticias.com.mx\/index.php?rest_route=%2Fwp%2Fv2%2Ftags&post=23894"}],"curies":[{"name":"wp","href":"https:\/\/api.w.org\/{rel}","templated":true}]}}