{"id":23880,"date":"2019-03-31T19:59:57","date_gmt":"2019-04-01T01:59:57","guid":{"rendered":"http:\/\/www.inter-accion.com.mx\/?p=23880"},"modified":"2019-03-31T19:59:57","modified_gmt":"2019-04-01T01:59:57","slug":"esta-semana-los-diputados-seran-capacitados-para-utilizar-un-tablero-electronico-que-costo-mas-de-7-millones","status":"publish","type":"post","link":"https:\/\/www.interaccionnoticias.com.mx\/?p=23880","title":{"rendered":"Esta semana, los diputados ser\u00e1n capacitados para utilizar un tablero electr\u00f3nico que cost\u00f3 m\u00e1s de 7 millones"},"content":{"rendered":"<p>El presidente de la Junta de Coordinaci\u00f3n Pol\u00edtica del Congreso local, Antonio Helguera Jim\u00e9nez inform\u00f3 que esta semana se dar\u00e1 la capacitaci\u00f3n que los diputados necesitan para utilizar adecuadamente un tablero que cost\u00f3 7.1 millones de pesos.<br \/>\nV\u00eda telef\u00f3nica, Helguera Jim\u00e9nez manifest\u00f3 que el equipo que permite la votaci\u00f3n electr\u00f3nica a los diputados locales ya se encuentra debidamente instalado, pero admiti\u00f3 que han pasado por lo menos dos sesiones de Pleno sin que se le utilice.<br \/>\nEl martes 26 de marzo, al ser cuestionado sobre la inoperatividad del equipo, Helguera se\u00f1al\u00f3 que los diputados todav\u00eda no se familiarizaban con las nuevas herramientas de trabajo, pero insisti\u00f3 en que su adquisici\u00f3n fue necesaria para optimizar el desarrollo de las actividades cotidianas.<br \/>\nEl jueves 28, nuevamente se observ\u00f3 que los diputados encendieron sus monitores, sin embargo, en ning\u00fan momento se utilizaron.<br \/>\nEl diputado Helguera sostiene que antes de echar mano del tablero, los 46 representantes populares \u201cnecesitan un adiestramiento, una capacitaci\u00f3n que todav\u00eda no se ha dado\u201d.<br \/>\nDicha capacitaci\u00f3n debe acompa\u00f1arse de una serie de pruebas de los equipos, para que no vayan a fallar a partir de que se pongan en operaci\u00f3n.<br \/>\nEl tambi\u00e9n coordinador de la fracci\u00f3n parlamentaria del Movimiento de Regeneraci\u00f3n Nacional (Morena), destac\u00f3 que la capacitaci\u00f3n de referencia podr\u00eda darse en el transcurso de la semana que inicia.<\/p>\n","protected":false},"excerpt":{"rendered":"<p>El presidente de la Junta de Coordinaci\u00f3n Pol\u00edtica del Congreso local, Antonio Helguera Jim\u00e9nez inform\u00f3 que esta semana se dar\u00e1 la capacitaci\u00f3n que los diputados necesitan para utilizar adecuadamente un&hellip; <\/p>\n","protected":false},"author":1,"featured_media":0,"comment_status":"closed","ping_status":"closed","sticky":false,"template":"","format":"standard","meta":{"fifu_image_url":"","fifu_image_alt":"","footnotes":""},"categories":[2,8],"tags":[],"class_list":["post-23880","post","type-post","status-publish","format-standard","hentry","category-congreso","category-featured"],"_links":{"self":[{"href":"https:\/\/www.interaccionnoticias.com.mx\/index.php?rest_route=\/wp\/v2\/posts\/23880","targetHints":{"allow":["GET"]}}],"collection":[{"href":"https:\/\/www.interaccionnoticias.com.mx\/index.php?rest_route=\/wp\/v2\/posts"}],"about":[{"href":"https:\/\/www.interaccionnoticias.com.mx\/index.php?rest_route=\/wp\/v2\/types\/post"}],"author":[{"embeddable":true,"href":"https:\/\/www.interaccionnoticias.com.mx\/index.php?rest_route=\/wp\/v2\/users\/1"}],"replies":[{"embeddable":true,"href":"https:\/\/www.interaccionnoticias.com.mx\/index.php?rest_route=%2Fwp%2Fv2%2Fcomments&post=23880"}],"version-history":[{"count":0,"href":"https:\/\/www.interaccionnoticias.com.mx\/index.php?rest_route=\/wp\/v2\/posts\/23880\/revisions"}],"wp:attachment":[{"href":"https:\/\/www.interaccionnoticias.com.mx\/index.php?rest_route=%2Fwp%2Fv2%2Fmedia&parent=23880"}],"wp:term":[{"taxonomy":"category","embeddable":true,"href":"https:\/\/www.interaccionnoticias.com.mx\/index.php?rest_route=%2Fwp%2Fv2%2Fcategories&post=23880"},{"taxonomy":"post_tag","embeddable":true,"href":"https:\/\/www.interaccionnoticias.com.mx\/index.php?rest_route=%2Fwp%2Fv2%2Ftags&post=23880"}],"curies":[{"name":"wp","href":"https:\/\/api.w.org\/{rel}","templated":true}]}}