{"id":23874,"date":"2019-03-31T18:12:03","date_gmt":"2019-04-01T00:12:03","guid":{"rendered":"http:\/\/www.inter-accion.com.mx\/?p=23874"},"modified":"2019-03-31T18:12:03","modified_gmt":"2019-04-01T00:12:03","slug":"la-policia-comunitaria-de-tixtla-se-dividio-tras-el-encarcelamiento-de-gonzalo-molina","status":"publish","type":"post","link":"https:\/\/www.interaccionnoticias.com.mx\/?p=23874","title":{"rendered":"La Polic\u00eda Comunitaria de Tixtla se dividi\u00f3, tras el encarcelamiento de Gonzalo Molina"},"content":{"rendered":"<p><strong>El promotor ya no pudo retomar el liderazgo de la organizaci\u00f3n, se\u00f1ala la alcaldesa de Tixtla <\/strong><br \/>\nCuando Gonzalo Molina Gonz\u00e1lez abandon\u00f3 el Centro de Reinserci\u00f3n Social (Cereso) de Chilpancingo anunci\u00f3 que retomar\u00eda su trabajo como integrante de la Polic\u00eda Comunitaria (PC) de Tixtla, sin embargo no pudo concretar su aspiraci\u00f3n porque encontr\u00f3 a sus compa\u00f1eros divididos.<br \/>\nErika Alcar\u00e1z Sosa, presidenta municipal de Tixtla, en su momento manifest\u00f3 la preocupaci\u00f3n que le gener\u00f3 la desaparici\u00f3n de quien fuera promotor de la Coordinadora Regional de Autoridades Comunitarias (CRAC) y se sum\u00f3 al reclamo de que se le localizara con vida, lo que finalmente ocurri\u00f3.<br \/>\nExplic\u00f3 que tuvo conocimiento de que parte de la familia de Molina Gonz\u00e1lez se moviliz\u00f3 hacia la Ciudad de M\u00e9xico, sin dar mucha informaci\u00f3n respecto a lo que estaban enfrentando.<br \/>\nManifest\u00f3 que est\u00e1 en la disposici\u00f3n de dialogar con la familia de Gonzalo y apoyarlos en la medida de sus posibilidades, en el entendido de que Tixtla es un municipio peque\u00f1o, en el que se cuenta con muy pocos polic\u00edas preventivos.<br \/>\nAunque la CRAC-PC todav\u00eda tiene presencia en el municipio, la jefa de cabildo se\u00f1ala que ya enfrenta problemas de divisi\u00f3n, los que se generaron cuando Gonzalo fue detenido y llevado a prisi\u00f3n.<br \/>\n\u201cLo que pasa es que cuando apresan a Gonzalo Molina como que se desarticul\u00f3 el liderazgo que el ten\u00eda, entonces la comunitaria se dividi\u00f3; hay una que est\u00e1 en la cabecera municipal y otra que opera en las comunidades, fragmentadas realmente\u201d, anot\u00f3.<br \/>\nContinu\u00f3: \u201cAunque ellos siguen trabajando (los polic\u00edas comunitarios) ya no ten\u00edan la coordinaci\u00f3n con Gonzalo Molina, desde que el ingres\u00f3 a la c\u00e1rcel, como al a\u00f1o y medio hubo un incidente en el barrio del Fort\u00edn con un ataque a plena luz del d\u00eda, murieron cinco de los comunitarios y se desarticularon realmente\u201d.<br \/>\nEn los hechos dijo que Gonzalo ya no pudo reasumir el liderazgo de la CRAC, pues solamente permaneci\u00f3 unos d\u00edas en Tixtla y despu\u00e9s tuvo que salir de la ciudad y por lo que se supo despu\u00e9s, tambi\u00e9n del estado de Guerrero.<br \/>\nDe acuerdo con lo publicado en los medios de comunicaci\u00f3n, la jefa de cabildo se\u00f1ala que se enter\u00f3 de la existencia de amenazas contra el ex promotor de la PC en Tixtla, raz\u00f3n por la que consider\u00f3 importante que haya una investigaci\u00f3n que permita la detenci\u00f3n de las personas que lo hostigan.<\/p>\n","protected":false},"excerpt":{"rendered":"<p>El promotor ya no pudo retomar el liderazgo de la organizaci\u00f3n, se\u00f1ala la alcaldesa de Tixtla Cuando Gonzalo Molina Gonz\u00e1lez abandon\u00f3 el Centro de Reinserci\u00f3n Social (Cereso) de Chilpancingo anunci\u00f3&hellip; <\/p>\n","protected":false},"author":1,"featured_media":0,"comment_status":"closed","ping_status":"closed","sticky":false,"template":"","format":"standard","meta":{"fifu_image_url":"","fifu_image_alt":"","footnotes":""},"categories":[8,23],"tags":[],"class_list":["post-23874","post","type-post","status-publish","format-standard","hentry","category-featured","category-regionales"],"_links":{"self":[{"href":"https:\/\/www.interaccionnoticias.com.mx\/index.php?rest_route=\/wp\/v2\/posts\/23874","targetHints":{"allow":["GET"]}}],"collection":[{"href":"https:\/\/www.interaccionnoticias.com.mx\/index.php?rest_route=\/wp\/v2\/posts"}],"about":[{"href":"https:\/\/www.interaccionnoticias.com.mx\/index.php?rest_route=\/wp\/v2\/types\/post"}],"author":[{"embeddable":true,"href":"https:\/\/www.interaccionnoticias.com.mx\/index.php?rest_route=\/wp\/v2\/users\/1"}],"replies":[{"embeddable":true,"href":"https:\/\/www.interaccionnoticias.com.mx\/index.php?rest_route=%2Fwp%2Fv2%2Fcomments&post=23874"}],"version-history":[{"count":0,"href":"https:\/\/www.interaccionnoticias.com.mx\/index.php?rest_route=\/wp\/v2\/posts\/23874\/revisions"}],"wp:attachment":[{"href":"https:\/\/www.interaccionnoticias.com.mx\/index.php?rest_route=%2Fwp%2Fv2%2Fmedia&parent=23874"}],"wp:term":[{"taxonomy":"category","embeddable":true,"href":"https:\/\/www.interaccionnoticias.com.mx\/index.php?rest_route=%2Fwp%2Fv2%2Fcategories&post=23874"},{"taxonomy":"post_tag","embeddable":true,"href":"https:\/\/www.interaccionnoticias.com.mx\/index.php?rest_route=%2Fwp%2Fv2%2Ftags&post=23874"}],"curies":[{"name":"wp","href":"https:\/\/api.w.org\/{rel}","templated":true}]}}