{"id":23865,"date":"2019-03-31T17:36:47","date_gmt":"2019-03-31T23:36:47","guid":{"rendered":"http:\/\/www.inter-accion.com.mx\/?p=23865"},"modified":"2019-03-31T17:36:47","modified_gmt":"2019-03-31T23:36:47","slug":"escultores-de-arena-llaman-a-fomentar-la-cultura-y-el-arte","status":"publish","type":"post","link":"https:\/\/www.interaccionnoticias.com.mx\/?p=23865","title":{"rendered":"Escultores de arena llaman a fomentar la cultura y el arte"},"content":{"rendered":"<p><strong>Para reconstruir el tejido social<\/strong><br \/>\n<strong>Acapulco, Gro. \u2013<\/strong> Durante la edici\u00f3n 45 de esculturas de arena en la playa, los participantes llamaron a autoridades a fomentar la cultura y el arte, para resarcir el tejido social y bajar \u00edndices delictivos.<br \/>\nAl evento, asistieron unos mil participantes, entre ellos un grupo de adolescentes con capacidades diferentes, adultos mayores, familias, j\u00f3venes y los llamados master en escultura de arena.<br \/>\nMauro Rosas Jalanuca, oriundo de la ciudad de Mollendo de la rep\u00fablica del Per\u00fa, es uno de los participantes, quien explica su obra.<br \/>\n\u201cLo que quiero representar aqu\u00ed, es una familia unida, una ni\u00f1a con el padre y la madre, un n\u00facleo familiar con alegr\u00eda que lo representa el coraz\u00f3n, y un abrigo, que integra todo lo que conforma una familia.<br \/>\n\u201cMe gusta, el evento de la edici\u00f3n 45, porque integra a toda la comunidad ya sea ni\u00f1os, j\u00f3venes, master, tercera edad, y ni\u00f1os especiales. Me invitaron a un evento que habr\u00e1, pero como vine antes, me aproveche para inscribirme y poder participar\u201d, dijo el peruano Rosas Jalanuca.<br \/>\nMientras que Rogelio Evangelista, de la Ciudad de Guadalajara en el estado de Jalisco, dijo que es importante este tipo de eventos para devolverle la imagen de un puerto tur\u00edstico a Acapulco.<br \/>\n\u201cSon de los eventos culturales y art\u00edsticos que unen a la familia. A este tipo de eventos, yo creo que son muy recomendables, sobre todo si queremos resarcir el tejido social tan da\u00f1ado que esta por la violencia.<br \/>\n\u201cLo necesitamos mucho, para darle una imagen que antes ten\u00eda Acapulco, era punto de cultura a nivel nacional. El llamado a que la gente se involucre m\u00e1s en eventos de cultura, de arte y evitar los puntos de violencia\u201d, dijo.<br \/>\nMientras que el master en escultura de arena, Jair P\u00e9rez, oriundo del puerto de Acapulco, presumi\u00f3 que tienen m\u00e1s de 15 a\u00f1os dedicados a las escultura de arena en la playa y que ha viajado a diferentes pa\u00eds para participar.<br \/>\n\u201cEste tipo de eventos, son importantes para Acapulco, para nuestra cultura, para el puerto, da una mejor imagen, contrario a lo que se proyecta siempre como la violencia, es bueno apostar por estos eventos, deber\u00edan llevarse a cabo varias veces al a\u00f1o y que se abra una puerta a la cultura.<br \/>\n\u201cLlevo m\u00e1s de 15 a\u00f1os, haciendo esculturas de arena en M\u00e9xico y fuera de nuestro pa\u00eds. He estado en Holanda, Espa\u00f1a, en Canad\u00e1 en la ciudad de Quebec, Honduras, El Salvador y en varios pa\u00edses.<br \/>\n\u201cSiempre hay talento, pero falta apoyo para explotar esos talentos, que el d\u00eda de hoy se empieza con arena, pero el d\u00eda de ma\u00f1ana ya ser\u00e1 bronce, ser\u00e1 yeso, ser\u00e1 cantera, varios materiales de manera profesional, solo falta apoyo\u201d, dijo el escultor acapulque\u00f1o P\u00e9rez Evangelista.<br \/>\nPor su parte la presidenta del DIF-Acapulco, Adriana Rom\u00e1n Ocampo, se\u00f1al\u00f3 que se abrieron cinco categor\u00edas y en cada una habr\u00e1 tres premiaciones en efectivo y se\u00f1al\u00f3 que el lema en esta edici\u00f3n es \u201cLa familia es nuestra prioridad\u201d.<br \/>\n\u201cRebasamos las expectativas, son casi mil participantes en esa categor\u00eda, ellos muy felices porque conviven con sus hijos, tiene una convivencia sana y pac\u00edfica, donde hay fomento de valores que es lo que perseguimos precisamente en estos momentos como sociedad\u201d, expres\u00f3.<br \/>\nTambi\u00e9n se refiri\u00f3 al caso de los 24 participantes con capacidades diferentes, entre ellos adolescentes con s\u00edndrome de Down y par\u00e1lisis cerebral, y debemos ser incluyentes con estos grupos vulnerables, indic\u00f3.<\/p>\n","protected":false},"excerpt":{"rendered":"<p>Para reconstruir el tejido social Acapulco, Gro. \u2013 Durante la edici\u00f3n 45 de esculturas de arena en la playa, los participantes llamaron a autoridades a fomentar la cultura y el&hellip; <\/p>\n","protected":false},"author":1,"featured_media":0,"comment_status":"closed","ping_status":"closed","sticky":false,"template":"","format":"standard","meta":{"fifu_image_url":"","fifu_image_alt":"","footnotes":""},"categories":[8,23],"tags":[],"class_list":["post-23865","post","type-post","status-publish","format-standard","hentry","category-featured","category-regionales"],"_links":{"self":[{"href":"https:\/\/www.interaccionnoticias.com.mx\/index.php?rest_route=\/wp\/v2\/posts\/23865","targetHints":{"allow":["GET"]}}],"collection":[{"href":"https:\/\/www.interaccionnoticias.com.mx\/index.php?rest_route=\/wp\/v2\/posts"}],"about":[{"href":"https:\/\/www.interaccionnoticias.com.mx\/index.php?rest_route=\/wp\/v2\/types\/post"}],"author":[{"embeddable":true,"href":"https:\/\/www.interaccionnoticias.com.mx\/index.php?rest_route=\/wp\/v2\/users\/1"}],"replies":[{"embeddable":true,"href":"https:\/\/www.interaccionnoticias.com.mx\/index.php?rest_route=%2Fwp%2Fv2%2Fcomments&post=23865"}],"version-history":[{"count":0,"href":"https:\/\/www.interaccionnoticias.com.mx\/index.php?rest_route=\/wp\/v2\/posts\/23865\/revisions"}],"wp:attachment":[{"href":"https:\/\/www.interaccionnoticias.com.mx\/index.php?rest_route=%2Fwp%2Fv2%2Fmedia&parent=23865"}],"wp:term":[{"taxonomy":"category","embeddable":true,"href":"https:\/\/www.interaccionnoticias.com.mx\/index.php?rest_route=%2Fwp%2Fv2%2Fcategories&post=23865"},{"taxonomy":"post_tag","embeddable":true,"href":"https:\/\/www.interaccionnoticias.com.mx\/index.php?rest_route=%2Fwp%2Fv2%2Ftags&post=23865"}],"curies":[{"name":"wp","href":"https:\/\/api.w.org\/{rel}","templated":true}]}}