{"id":23857,"date":"2019-03-29T21:47:03","date_gmt":"2019-03-30T03:47:03","guid":{"rendered":"http:\/\/www.inter-accion.com.mx\/?p=23857"},"modified":"2019-03-29T21:47:03","modified_gmt":"2019-03-30T03:47:03","slug":"revela-astudillo-la-localizacion-con-vida-de-gonzalo-molina","status":"publish","type":"post","link":"https:\/\/www.interaccionnoticias.com.mx\/?p=23857","title":{"rendered":"Revela Astudillo la localizaci\u00f3n con vida de Gonzalo Molina"},"content":{"rendered":"<p><strong>En breve se reencontrar\u00e1 con su familia<\/strong><br \/>\nEl gobernador H\u00e9ctor Astudillo Flores confirm\u00f3 la localizaci\u00f3n con vida de Gonzalo Molina Gonzalez, promotor de la Coordinadora Regional de Autoridades Comunitarias (CRAC), quien se encontraba desaparecido junto a tres familiares desde la noche del martes 26 de marzo.<br \/>\nEl mandatario public\u00f3 mensaje en su cuenta de Twitter, en el que confirm\u00f3 que el activista \u00abse encuentra sano y salvo\u00bb y que \u00abpronto estar\u00e1 con su familia\u00bb.<br \/>\nLa desaparici\u00f3n del promotor de la CRAC fue denunciada publicamente desde la noche del miercoles 27, a traves de un comunicado que emiti\u00f3 el colectivo por la Libertad de los Presos Pol\u00edticos.<br \/>\nDicha organizaci\u00f3n inform\u00f3 que Molina Gonz\u00e1lez recibi\u00f3 amenazas de muerte por parte del crimen organizado desde que recuper\u00f3 su libertad, tras permanecer en prisi\u00f3n durante cinco a\u00f1os.<br \/>\nPor ese motivo, el activista y su familia optaron por desplazarse a la Ciudad de M\u00e9xico, donde se sent\u00edan m\u00e1s seguros.<br \/>\nPor esa raz\u00f3n solicitaron medidas cautelares a la Comisi\u00f3n Nacional de los Derechos Humanos (CNDH) y a la Secretar\u00eda de Gobernaci\u00f3n (Segob), las cuales no se hicieron efectivas a pesar de que s\u00ed le fueron asignadas.<br \/>\nDe acuerdo con el Movimiento por la Libertad de los Presos Politicos, Molina Gonzalez sufri\u00f3 un intento de plagio el lunes 25 de marzo, tras participar en un conversatorio en la Facultad de Filosof\u00eda y Letras de la Universidad Nacional Aut\u00f3noma de M\u00e9xico (UNAM), \u00absituaci\u00f3n que fue desarticulada por la protecci\u00f3n de los mismos estudiantes universitarios\u201d.<br \/>\nEl comunicado emitido por dicha organizaci\u00f3n indica que \u00abel d\u00eda 26 de marzo, los criminales intensificaron sus patrullajes hacia la persona de Gonzalo e incrementaron el hostigamiento directo a su familia durante el transcurso de la marcha por la exigencia de la presentaci\u00f3n con vida de los 43 estudiantes de la Normal Rural de Ayotzinapa\u201d.<br \/>\nEn la marcha Gonzalo habr\u00eda recibido amenazas por parte de una mujer conocida como Yazm\u00edn, alias la \u201cNorte\u00f1a\u201d, a quien el Colectivo por la Libertad de los Presos Pol\u00edticos se refiere como una \u201cconocida militar e integrante del grupo delictivo de los Viagras\u201d, la cual se indica, opera en Tierra Colorada y el Ocotito.<br \/>\nEl promotor de la CRAC y su familia desaparecieron esa misma noche, tras abordar un taxi.<br \/>\nEste viernes, organizaciones sociales marcharon en Chilpancingo, bloquearon la Autopista del Sol durante m\u00e1s de cuatro horas y liberaron el paso en la caseta de Palo Blanco para exigir su aparici\u00f3n con vida.<\/p>\n","protected":false},"excerpt":{"rendered":"<p>En breve se reencontrar\u00e1 con su familia El gobernador H\u00e9ctor Astudillo Flores confirm\u00f3 la localizaci\u00f3n con vida de Gonzalo Molina Gonzalez, promotor de la Coordinadora Regional de Autoridades Comunitarias (CRAC),&hellip; <\/p>\n","protected":false},"author":1,"featured_media":0,"comment_status":"closed","ping_status":"closed","sticky":false,"template":"","format":"standard","meta":{"fifu_image_url":"","fifu_image_alt":"","footnotes":""},"categories":[8,11],"tags":[],"class_list":["post-23857","post","type-post","status-publish","format-standard","hentry","category-featured","category-guerrero"],"_links":{"self":[{"href":"https:\/\/www.interaccionnoticias.com.mx\/index.php?rest_route=\/wp\/v2\/posts\/23857","targetHints":{"allow":["GET"]}}],"collection":[{"href":"https:\/\/www.interaccionnoticias.com.mx\/index.php?rest_route=\/wp\/v2\/posts"}],"about":[{"href":"https:\/\/www.interaccionnoticias.com.mx\/index.php?rest_route=\/wp\/v2\/types\/post"}],"author":[{"embeddable":true,"href":"https:\/\/www.interaccionnoticias.com.mx\/index.php?rest_route=\/wp\/v2\/users\/1"}],"replies":[{"embeddable":true,"href":"https:\/\/www.interaccionnoticias.com.mx\/index.php?rest_route=%2Fwp%2Fv2%2Fcomments&post=23857"}],"version-history":[{"count":0,"href":"https:\/\/www.interaccionnoticias.com.mx\/index.php?rest_route=\/wp\/v2\/posts\/23857\/revisions"}],"wp:attachment":[{"href":"https:\/\/www.interaccionnoticias.com.mx\/index.php?rest_route=%2Fwp%2Fv2%2Fmedia&parent=23857"}],"wp:term":[{"taxonomy":"category","embeddable":true,"href":"https:\/\/www.interaccionnoticias.com.mx\/index.php?rest_route=%2Fwp%2Fv2%2Fcategories&post=23857"},{"taxonomy":"post_tag","embeddable":true,"href":"https:\/\/www.interaccionnoticias.com.mx\/index.php?rest_route=%2Fwp%2Fv2%2Ftags&post=23857"}],"curies":[{"name":"wp","href":"https:\/\/api.w.org\/{rel}","templated":true}]}}