{"id":23851,"date":"2019-03-29T20:37:00","date_gmt":"2019-03-30T02:37:00","guid":{"rendered":"http:\/\/www.inter-accion.com.mx\/?p=23851"},"modified":"2019-03-29T20:37:00","modified_gmt":"2019-03-30T02:37:00","slug":"aprueban-retenes-de-la-pf-en-la-sierra-de-leonardo-bravo","status":"publish","type":"post","link":"https:\/\/www.interaccionnoticias.com.mx\/?p=23851","title":{"rendered":"Aprueban retenes de la PF en la Sierra de Leonardo Bravo"},"content":{"rendered":"<p><strong>Para ayudar en el retorno de los desplazados<\/strong><br \/>\nEl gabinete de seguridad nacional ya aprob\u00f3 la instalaci\u00f3n de tres retenes de la Polic\u00eda Federal en la sierra de Leonardo Bravo, inform\u00f3 Manuel Olivares Hern\u00e1ndez, director del Centro Regional de Derechos Humanos Jos\u00e9 Mar\u00eda Morelos y Pav\u00f3n.<br \/>\nEl activista explic\u00f3 que la instalaci\u00f3n de los filtros de seguridad fue uno de los compromisos que la Federaci\u00f3n hizo con las familias desplazadas de los municipios de Leonardo Bravo y Heliodoro Castillo que se mantuvieron en plant\u00f3n frente a Palacio Nacional durante 39 d\u00edas.<br \/>\nEn entrevista, detall\u00f3 que los retenes se instalar\u00e1n en tres puntos estrat\u00e9gicos: El Naranjo, El Carrizal y La Quebradora.<br \/>\nIndic\u00f3 que este viernes a\u00fan no se hab\u00edan instalado los filtros de la Polic\u00eda Federal.<br \/>\n\u00abNo se han instalado, pero ya se aprob\u00f3 su instalaci\u00f3n. Posiblemente lo hagan en el transcurso de hoy\u00bb, apunt\u00f3.<br \/>\nOlivares Hern\u00e1ndez explic\u00f3 que ese per\u00edmetro de seguridad de la Polic\u00eda Federal ser\u00e1 el primer paso para generar condiciones de seguridad que permitan el regreso de los desplazados a las comunidades de Filo de Caballos, Campo de Aviaci\u00f3n, Los Morros, Polixtepec, Carrizal, Cuautepec de la Escalera e Izotepec.<br \/>\nPor lo pronto, los desplazados se encuentran refugiados en el auditorio de Chichihualco.<br \/>\nDe acuerdo con su vocero, Crescencio Pacheco Gonz\u00e1lez, se trata de 320 personas, entre ellos 83 ni\u00f1os, 153 mujeres y 84 hombres.<\/p>\n","protected":false},"excerpt":{"rendered":"<p>Para ayudar en el retorno de los desplazados El gabinete de seguridad nacional ya aprob\u00f3 la instalaci\u00f3n de tres retenes de la Polic\u00eda Federal en la sierra de Leonardo Bravo,&hellip; <\/p>\n","protected":false},"author":1,"featured_media":0,"comment_status":"closed","ping_status":"closed","sticky":false,"template":"","format":"standard","meta":{"fifu_image_url":"","fifu_image_alt":"","footnotes":""},"categories":[8,23],"tags":[],"class_list":["post-23851","post","type-post","status-publish","format-standard","hentry","category-featured","category-regionales"],"_links":{"self":[{"href":"https:\/\/www.interaccionnoticias.com.mx\/index.php?rest_route=\/wp\/v2\/posts\/23851","targetHints":{"allow":["GET"]}}],"collection":[{"href":"https:\/\/www.interaccionnoticias.com.mx\/index.php?rest_route=\/wp\/v2\/posts"}],"about":[{"href":"https:\/\/www.interaccionnoticias.com.mx\/index.php?rest_route=\/wp\/v2\/types\/post"}],"author":[{"embeddable":true,"href":"https:\/\/www.interaccionnoticias.com.mx\/index.php?rest_route=\/wp\/v2\/users\/1"}],"replies":[{"embeddable":true,"href":"https:\/\/www.interaccionnoticias.com.mx\/index.php?rest_route=%2Fwp%2Fv2%2Fcomments&post=23851"}],"version-history":[{"count":0,"href":"https:\/\/www.interaccionnoticias.com.mx\/index.php?rest_route=\/wp\/v2\/posts\/23851\/revisions"}],"wp:attachment":[{"href":"https:\/\/www.interaccionnoticias.com.mx\/index.php?rest_route=%2Fwp%2Fv2%2Fmedia&parent=23851"}],"wp:term":[{"taxonomy":"category","embeddable":true,"href":"https:\/\/www.interaccionnoticias.com.mx\/index.php?rest_route=%2Fwp%2Fv2%2Fcategories&post=23851"},{"taxonomy":"post_tag","embeddable":true,"href":"https:\/\/www.interaccionnoticias.com.mx\/index.php?rest_route=%2Fwp%2Fv2%2Ftags&post=23851"}],"curies":[{"name":"wp","href":"https:\/\/api.w.org\/{rel}","templated":true}]}}