{"id":23838,"date":"2019-03-29T19:45:36","date_gmt":"2019-03-30T01:45:36","guid":{"rendered":"http:\/\/www.inter-accion.com.mx\/?p=23838"},"modified":"2019-03-29T19:45:36","modified_gmt":"2019-03-30T01:45:36","slug":"confirma-astudillo-dialogo-con-la-ssp-federal-y-la-jefa-de-gobierno-de-la-ciudad-de-mexico-en-torno-al-caso-gonzalo-molina-2","status":"publish","type":"post","link":"https:\/\/www.interaccionnoticias.com.mx\/?p=23838","title":{"rendered":"Confirma Astudillo dialog\u00f3 con la SSP federal y la jefa de Gobierno de la Ciudad de M\u00e9xico en torno al caso Gonzalo Molina"},"content":{"rendered":"<p><strong>Prev\u00e9n operativo de b\u00fasqueda<\/strong><br \/>\nEl gobernador H\u00e9ctor Astudillo Flores confirm\u00f3 que ya dialog\u00f3 con la jefa de Gobierno de la Ciudad de M\u00e9xico, Claudia Sheinbaum y el titular de la Secretar\u00eda de Seguridad P\u00fablica de la administraci\u00f3n p\u00fablica federal, Alfonso Durazo para intercambiar informaci\u00f3n relacionada con la b\u00fasqueda del promotor de la Polic\u00eda Comunitaria en Tixtla, Gonzalo Molina Gonz\u00e1lez y su familia.<br \/>\nEn la residencia oficial Casa Guerrero, el jefe del Ejecutivo local confirm\u00f3 que ya tuvo contacto con el titular de la SSP y con la jefa de Gobierno de la capital del pa\u00eds, con quienes platic\u00f3 sobre la revisi\u00f3n que se ha hecho al servicio de las c\u00e1maras del C-5 que existen en la capital del pa\u00eds.<br \/>\nIndic\u00f3 que al titular de la SSP se le proporcionaron datos que pueden ayudar en mucho a la b\u00fasqueda del promotor de la CRAC.<br \/>\nEn el caso de Guerrero, destac\u00f3 que se tiene en marcha un operativo interno local, que ayudar\u00e1 en su momento a saber que es lo que ha sucedido con el polic\u00eda comunitario a partir de que recuper\u00f3 su libertad hasta el momento en que se dej\u00f3 de conocer su paradero.<br \/>\nAstudillo Flores manifest\u00f3 que desde que Molina abandon\u00f3 el Centro de Reinserci\u00f3n Social (Cereso), su administraci\u00f3n fue respetuosa del activismo que anunci\u00f3 que retomar\u00eda, una vez que al ser absuelto por el Poder Judicial estaba recuperando sus derechos ciudadanos y pol\u00edticos.<br \/>\nRatific\u00f3 el inter\u00e9s porque el vocero de la CRAC en Tixtla pronto sea presentado con vida y pueda regresar junto con su familia.<\/p>\n","protected":false},"excerpt":{"rendered":"<p>Prev\u00e9n operativo de b\u00fasqueda El gobernador H\u00e9ctor Astudillo Flores confirm\u00f3 que ya dialog\u00f3 con la jefa de Gobierno de la Ciudad de M\u00e9xico, Claudia Sheinbaum y el titular de la&hellip; <\/p>\n","protected":false},"author":1,"featured_media":0,"comment_status":"closed","ping_status":"closed","sticky":false,"template":"","format":"standard","meta":{"fifu_image_url":"","fifu_image_alt":"","footnotes":""},"categories":[8,11],"tags":[],"class_list":["post-23838","post","type-post","status-publish","format-standard","hentry","category-featured","category-guerrero"],"_links":{"self":[{"href":"https:\/\/www.interaccionnoticias.com.mx\/index.php?rest_route=\/wp\/v2\/posts\/23838","targetHints":{"allow":["GET"]}}],"collection":[{"href":"https:\/\/www.interaccionnoticias.com.mx\/index.php?rest_route=\/wp\/v2\/posts"}],"about":[{"href":"https:\/\/www.interaccionnoticias.com.mx\/index.php?rest_route=\/wp\/v2\/types\/post"}],"author":[{"embeddable":true,"href":"https:\/\/www.interaccionnoticias.com.mx\/index.php?rest_route=\/wp\/v2\/users\/1"}],"replies":[{"embeddable":true,"href":"https:\/\/www.interaccionnoticias.com.mx\/index.php?rest_route=%2Fwp%2Fv2%2Fcomments&post=23838"}],"version-history":[{"count":0,"href":"https:\/\/www.interaccionnoticias.com.mx\/index.php?rest_route=\/wp\/v2\/posts\/23838\/revisions"}],"wp:attachment":[{"href":"https:\/\/www.interaccionnoticias.com.mx\/index.php?rest_route=%2Fwp%2Fv2%2Fmedia&parent=23838"}],"wp:term":[{"taxonomy":"category","embeddable":true,"href":"https:\/\/www.interaccionnoticias.com.mx\/index.php?rest_route=%2Fwp%2Fv2%2Fcategories&post=23838"},{"taxonomy":"post_tag","embeddable":true,"href":"https:\/\/www.interaccionnoticias.com.mx\/index.php?rest_route=%2Fwp%2Fv2%2Ftags&post=23838"}],"curies":[{"name":"wp","href":"https:\/\/api.w.org\/{rel}","templated":true}]}}