{"id":23832,"date":"2019-03-29T19:25:47","date_gmt":"2019-03-30T01:25:47","guid":{"rendered":"http:\/\/www.inter-accion.com.mx\/?p=23832"},"modified":"2019-03-29T19:25:47","modified_gmt":"2019-03-30T01:25:47","slug":"cuatro-horas-de-bloqueo-en-la-autopista-del-sol-para-exigir-la-presentacion-de-gonzalo-molina","status":"publish","type":"post","link":"https:\/\/www.interaccionnoticias.com.mx\/?p=23832","title":{"rendered":"Cuatro horas de bloqueo en la Autopista del Sol para exigir la presentaci\u00f3n de Gonzalo Molina"},"content":{"rendered":"<p><br \/>\n<strong>Tambi\u00e9n se manifiestan frente al Congreso y las oficinas de Bienestar Social<\/strong><br \/>\nDurante cuatro horas, integrantes de la Polic\u00eda Comunitaria y estudiantes de la Normal Rural de Ayotzinapa bloquearon la Autopista del Sol en la entrada sur de Chilpancingo, exigieron la presentaci\u00f3n con vida de Gonzalo Molina Gonz\u00e1lez y su familia, desaparecidos desde la noche del 26 de marzo en la Ciudad de M\u00e9xico.<br \/>\nAlrededor de las 14:00 horas, integrantes de la Coordinadora Regional de Autoridades Comunitarias (CRAC), provenientes de los municipios de Tixtla y la zona rural de Acapulco, llegaron al punto conocido como el Parador del Marqu\u00e9s, en la entrada sur de Chilpancingo y se plantaron sobre los carriles sur-norte para ratificar su planteamiento \u00fanico, la presentaci\u00f3n con vida de Gonzalo Molina, sus hijos y su yerno.<br \/>\nEstuvieron acompa\u00f1ados por estudiantes de la Normal Rural de Ayotzinapa, el Movimiento por la Liberaci\u00f3n de los Presos Pol\u00edticos en el Estado de Guerrero (MOLPEG) y del Taller de Desarrollo Comunitario (Tadeco).<br \/>\nAunque al lugar se movilizado elementos de la Polic\u00eda Federal (PF) y de la Secretar\u00eda de<br \/>\nSeguridad P\u00fablica (SSP) del gobierno estatal, decenas de ellos con equipo antimotin, no se registr\u00f3 ning\u00fan incidente con los manifestantes.<br \/>\nLos que s\u00ed increparon a los activistas fueron varios grupos de automovilistas que les solicitaron se abriera la circulaci\u00f3n para llegar a sus destinos, principalmente el puerto de Acapulco.<br \/>\nAunque hubo fuertes intercambios de palabras, los \u00e1nimos nunca se desbordaron y la protesta permaneci\u00f3 hasta despu\u00e9s de las 18:00 horas, cuando los manifestantes se replegaron para permitir la reapertura de la circulaci\u00f3n de los veh\u00edculos.<br \/>\nLas actividades no culminaron ah\u00ed, los comunitarios, estudiantes se trasladaron a la caseta de peaje de Palo Blanco, lugar en el que levantar\u00edan las plumas y solicitar\u00edan el respaldo econ\u00f3mico de los usuarios de la Autopista del Sol.<br \/>\nEl argumento para dicho traslado fue que realizar\u00edan un trabajo de boteo, con la intenci\u00f3n de obtener recursos para financiar las acciones que van a desarrollar hasta que Gonzalo sea presentado con vida.<br \/>\n<strong>La marcha hacia el Congreso y las oficinas de Bienestar hijos<\/strong><br \/>\nLa ma\u00f1ana del viernes, los estudiantes de la Normal Rural, polic\u00edas comunitarios e integrantes del Movimiento por la Liberaci\u00f3n de los Presos Pol\u00edticos se concentraron en el monumento a las banderas, para de ah\u00ed comenzar una marcha hacia la parte sur de la ciudad.<br \/>\nEntre los representantes de las organizaciones avanza la profesora Roberta Campos, activista que el jueves 28 de marzo increp\u00f3 a un grupo de diputados del Movimiento de Regeneraci\u00f3n Nacional (Morena) por perder el tiempo en trivialidades y no desahogar asuntos que son urgentes, como la desaparici\u00f3n de Gonzalo Molina y su familia.<br \/>\nEl contingente hizo una primera escala en el Congreso local, para reclamar la indiferencia con la que los diputados han manejado el asunto, por eso es que realizaron pintas en las inmediaciones del Palacio legislativo, con la intenci\u00f3n de reflejar el malestar que les genera el manejo que la fracci\u00f3n mayoritaria ha dado al asunto.<br \/>\nAl frente de la protesta se coloc\u00f3 Arturo Campos Herrera, ex coordinador de la Casa de Justicia de El Para\u00edso, municipio de Ayutla de los Libres y quien fuera compa\u00f1ero de prisi\u00f3n de Molina Gonz\u00e1lez.<br \/>\nDespu\u00e9s de hacer presencia en el Congreso, la marcha se dirigi\u00f3 hacia el edificio que ocupa la Secretar\u00eda de Bienestar Social, que es donde despacha Pablo Amilcar Sandoval Ballesteros, delegado en Guerrero del Gobierno de la Rep\u00fablica.<br \/>\nLas protestas no derivaron en disturbios mayores.<\/p>\n","protected":false},"excerpt":{"rendered":"<p>Tambi\u00e9n se manifiestan frente al Congreso y las oficinas de Bienestar Social Durante cuatro horas, integrantes de la Polic\u00eda Comunitaria y estudiantes de la Normal Rural de Ayotzinapa bloquearon la&hellip; <\/p>\n","protected":false},"author":1,"featured_media":0,"comment_status":"closed","ping_status":"closed","sticky":false,"template":"","format":"standard","meta":{"fifu_image_url":"","fifu_image_alt":"","footnotes":""},"categories":[8,15],"tags":[],"class_list":["post-23832","post","type-post","status-publish","format-standard","hentry","category-featured","category-movimientos-sociales"],"_links":{"self":[{"href":"https:\/\/www.interaccionnoticias.com.mx\/index.php?rest_route=\/wp\/v2\/posts\/23832","targetHints":{"allow":["GET"]}}],"collection":[{"href":"https:\/\/www.interaccionnoticias.com.mx\/index.php?rest_route=\/wp\/v2\/posts"}],"about":[{"href":"https:\/\/www.interaccionnoticias.com.mx\/index.php?rest_route=\/wp\/v2\/types\/post"}],"author":[{"embeddable":true,"href":"https:\/\/www.interaccionnoticias.com.mx\/index.php?rest_route=\/wp\/v2\/users\/1"}],"replies":[{"embeddable":true,"href":"https:\/\/www.interaccionnoticias.com.mx\/index.php?rest_route=%2Fwp%2Fv2%2Fcomments&post=23832"}],"version-history":[{"count":0,"href":"https:\/\/www.interaccionnoticias.com.mx\/index.php?rest_route=\/wp\/v2\/posts\/23832\/revisions"}],"wp:attachment":[{"href":"https:\/\/www.interaccionnoticias.com.mx\/index.php?rest_route=%2Fwp%2Fv2%2Fmedia&parent=23832"}],"wp:term":[{"taxonomy":"category","embeddable":true,"href":"https:\/\/www.interaccionnoticias.com.mx\/index.php?rest_route=%2Fwp%2Fv2%2Fcategories&post=23832"},{"taxonomy":"post_tag","embeddable":true,"href":"https:\/\/www.interaccionnoticias.com.mx\/index.php?rest_route=%2Fwp%2Fv2%2Ftags&post=23832"}],"curies":[{"name":"wp","href":"https:\/\/api.w.org\/{rel}","templated":true}]}}