{"id":23829,"date":"2019-03-29T18:56:17","date_gmt":"2019-03-30T00:56:17","guid":{"rendered":"http:\/\/www.inter-accion.com.mx\/?p=23829"},"modified":"2019-03-29T18:56:17","modified_gmt":"2019-03-30T00:56:17","slug":"gonzalo-molina-policia-comunitario-preso-politico-y-victima-de-desaparicion-forzada","status":"publish","type":"post","link":"https:\/\/www.interaccionnoticias.com.mx\/?p=23829","title":{"rendered":"Gonzalo Molina: polic\u00eda comunitario, preso pol\u00edtico y v\u00edctima de desaparici\u00f3n forzada"},"content":{"rendered":"<p><strong>Fue perseguido desde que sali\u00f3 de prisi\u00f3n hasta que intent\u00f3 obtener medidas cautelares, en la Ciudad de M\u00e9xico <\/strong><br \/>\nGonzalo Molina Gonz\u00e1lez, promotor de la Polic\u00eda Comunitaria (PC) en Tixtla fue liberado el 28 de febrero del presente a\u00f1o, un mes despu\u00e9s fue reportado como desaparecido junto a dos hijos y su yerno, en la Ciudad de M\u00e9xico.<br \/>\nEl 26 de Agosto de 2014, Molina Gonz\u00e1lez y un grupo de integrantes de la Coordinadora Regional de Autoridades Comunitarias (CRAC) llegaron a la puerta principal del palacio municipal de Tixtla para instalar un plant\u00f3n, exig\u00edan la liberaci\u00f3n de Nestora Salgado Garc\u00eda, entonces l\u00edder de la autodefensa de Olinal\u00e1, quien fuera detenida por elementos de la Marina Armada de M\u00e9xico,<br \/>\nEl mitin que encabez\u00f3 Molina deriv\u00f3 en un enfrentamiento a golpes con la polic\u00eda preventiva de Tixtla, lo que propici\u00f3 que la Fiscal\u00eda General del Estado (FGE), en ese tiempo a cargo de I\u00f1aky Blanco Cabrera lo persiguiera por la presunta comisi\u00f3n de los delitos de terrorismo, lesiones, robo y privaci\u00f3n de la libertad.<br \/>\nFue detenido en octubre de 2014 y despu\u00e9s de varios a\u00f1os recupero su libertad, tras lograr la absoluci\u00f3n en todos los delitos que se le imputaron.<br \/>\nEl 28 de febrero de 2019, Molina fue recibido en las puertas del centro de reinserci\u00f3n Social (Cereso) de Chilpancingo por su esposa, Ausencia Honorato V\u00e1zquez y activistas de diferentes organizaciones sociales, principalmente del Movimiento por la Libertad de los Presos Pol\u00edticos del Estado de Guerrero (MOLPEG).<br \/>\nEse d\u00eda dijo que volver\u00eda al barrio del Fort\u00edn, en Tixtla para retomar su trabajo como promotor de la Coordinadora Regional de Autoridades Comunitarias (CRAC), hubo un festejo en su casa, pero ya no pudo reinstalarse como antes de caer en prisi\u00f3n.<br \/>\nSus dos hijos mayores de edad, un var\u00f3n y una mujer desde antes de que saliera de prisi\u00f3n se hab\u00edan movido hacia la Ciudad de M\u00e9xico, pues recib\u00edan amenazas por parte de supuestos integrantes del crimen organizado.<br \/>\nEl 25 de marzo, a invitaci\u00f3n del Colectivo por la Liberaci\u00f3n de los Presos Pol\u00edticos (CLPP), Gonzalo Molina acudi\u00f3 a la capital del pa\u00eds para participar en un conversatorio con estudiantes de Filosof\u00eda de la Universidad Nacional Aut\u00f3noma de M\u00e9xico (UNAM), pero dese ese d\u00eda y hasta la noche del martes 26 fue perseguido por delincuentes que se movieron desde los municipios de Chilpancingo y Tierra Colorada.<br \/>\n<strong>Del hostigamiento a la desaparici\u00f3n<\/strong><br \/>\nEn un documento emitido la noche del mi\u00e9rcoles 27 de marzo, el colectivo por la Libertad de los Presos Pol\u00edticos report\u00f3 la desaparici\u00f3n del vocero de la Casa de Justicia de El Fort\u00edn, en la cabecera municipal de Tixtla.<br \/>\nDicha organizaci\u00f3n dijo que desde el d\u00eda en que Molina Gonz\u00e1lez recuper\u00f3 su libertad fue objeto de amenazas por parte de supuestos integrantes del crimen organizado, por esa raz\u00f3n se opt\u00f3 por trasladarlo a la Ciudad de M\u00e9xico.<br \/>\nEl CLPP y el propio Gonzalo Molina solicitaron la asignaci\u00f3n de medidas cautelares, una vez que su integridad personal se encontraba en riesgo, raz\u00f3n por la que se presentaron ante la Comisi\u00f3n Nacional de Derechos Humanos (CNDH) y la Subsecretaria de Derechos Humanos Poblaci\u00f3n y Migraci\u00f3n de la Secretar\u00eda de Gobernaci\u00f3n, a cargo de Alejandro Encinas Rodr\u00edguez.<br \/>\nAunque en la CNDH y la SEGOB dijeron que otorgar\u00edan las medidas cautelares, estas nunca se hicieron efectivas, ni a favor de Gonzalo ni de sus hijos, que ya estaban en la Ciudad de M\u00e9xico.<br \/>\nRelatan: \u201cEl lunes 25 de marzo, tras participar en un conversatorio en la Facultad de Filosof\u00eda y Letras de la Universidad Nacional Aut\u00f3noma de M\u00e9xico (UNAM), Gonzalo sufri\u00f3 un intento de levantamiento estando a\u00fan dentro de las instalaciones de la m\u00e1xima casa de estudios, situaci\u00f3n que fue desarticulada por la protecci\u00f3n de los mismos estudiantes universitarios\u201d.<br \/>\nContin\u00faa: \u201cEl d\u00eda 26 de marzo, los criminales intensificaron sus patrullajes hacia la persona de Gonzalo e incrementaron el hostigamiento directo a su familia durante el transcurso de la marcha por la exigencia de la presentaci\u00f3n con vida de los 43 estudiantes de la Normal Rural de Ayotzinapa\u201d.<br \/>\nEn la marcha Gonzalo recibi\u00f3 amenazas por parte de una mujer conocida como Yazm\u00edn, alias la \u201cNorte\u00f1a\u201d, a quien el Colectivo por la Libertad de los Presos Pol\u00edticos se refiere como una \u201cconocida militar e integrante del grupo delictivo de los Viagras\u201d, la cual se indica, opera en Tierra Colorada y el Ocotito.<br \/>\nElla se traslad\u00f3 a la Ciudad de M\u00e9xico y particip\u00f3 en la marcha en pro de los 43, los voceros del colectivo aseguran que fue vista tomando fotos y tuvo el espacio necesario para amenazar al dirigente de la CRAC, despu\u00e9s se perdi\u00f3 de vista.<br \/>\nEl relato contin\u00faa: \u201cPosteriormente, un individuo que lo fotografiaba durante la marcha intent\u00f3 ingresar al edificio al cual acudieron Gonzalo y sus acompa\u00f1antes moment\u00e1neamente para usar los sanitarios. El desconocido fue retenido en la entrada del edificio y no pudo justificar su intenci\u00f3n de llegar hasta el \u00e1rea en donde se encontraba Gonzalo Molina\u201d.<br \/>\nDespu\u00e9s, cuando lo llevaron a un domicilio en el que habr\u00edan de pernoctar el vocero de la Comunitaria, sus dos hijos y su yerno, se detect\u00f3 a otra persona tomando videos del domicilio.<br \/>\nCuando los integrantes del CLPP confrontaron al hombre que tomaba los videos, este manifest\u00f3 argumentos que consideraron como torpes, pues dijo que buscaba departamentos en renta, pese a que eran m\u00e1s de las 21:00 horas.<br \/>\nAnte el acecho, los integrantes del CLPP decidieron mover a Gonzalo y sus acompa\u00f1antes a otro lugar m\u00e1s seguro, en el que tendr\u00edan un acompa\u00f1amiento constante.<br \/>\nExplican: \u201cSe decidi\u00f3 contratar los servicios de un taxi seguro y se monitorizaba el avance de dicho taxi hasta su destino, incluyendo un par de llamadas sin que se reportaran problema alguno. No obstante, a tan solo cinco cuadras de su llegada al punto solicitado, la aplicaci\u00f3n da por terminando el viaje\u201d.<br \/>\nEl contacto se perdi\u00f3 alrededor de las 22:00 horas por el rumbo de Mart\u00edn Carrera. Hasta las 00:00 horas, integrantes de la Brigada por la Paz Marabunta recorrieron la zona en que se perdi\u00f3 el contacto sin encontrarlos.<br \/>\nCuando marcaron los tel\u00e9fonos celulares de Gonzalo y sus hijos estos se encontraban apagados.<br \/>\nHasta la tarde del viernes 29 de marzo, las autoridades y las organizaciones sociales afines a la CRAC no ten\u00edan informaci\u00f3n sobre el paradero de Gonzalo y parte de su familia.<\/p>\n","protected":false},"excerpt":{"rendered":"<p>Fue perseguido desde que sali\u00f3 de prisi\u00f3n hasta que intent\u00f3 obtener medidas cautelares, en la Ciudad de M\u00e9xico Gonzalo Molina Gonz\u00e1lez, promotor de la Polic\u00eda Comunitaria (PC) en Tixtla fue&hellip; <\/p>\n","protected":false},"author":1,"featured_media":0,"comment_status":"closed","ping_status":"closed","sticky":false,"template":"","format":"standard","meta":{"fifu_image_url":"","fifu_image_alt":"","footnotes":""},"categories":[8,15],"tags":[],"class_list":["post-23829","post","type-post","status-publish","format-standard","hentry","category-featured","category-movimientos-sociales"],"_links":{"self":[{"href":"https:\/\/www.interaccionnoticias.com.mx\/index.php?rest_route=\/wp\/v2\/posts\/23829","targetHints":{"allow":["GET"]}}],"collection":[{"href":"https:\/\/www.interaccionnoticias.com.mx\/index.php?rest_route=\/wp\/v2\/posts"}],"about":[{"href":"https:\/\/www.interaccionnoticias.com.mx\/index.php?rest_route=\/wp\/v2\/types\/post"}],"author":[{"embeddable":true,"href":"https:\/\/www.interaccionnoticias.com.mx\/index.php?rest_route=\/wp\/v2\/users\/1"}],"replies":[{"embeddable":true,"href":"https:\/\/www.interaccionnoticias.com.mx\/index.php?rest_route=%2Fwp%2Fv2%2Fcomments&post=23829"}],"version-history":[{"count":0,"href":"https:\/\/www.interaccionnoticias.com.mx\/index.php?rest_route=\/wp\/v2\/posts\/23829\/revisions"}],"wp:attachment":[{"href":"https:\/\/www.interaccionnoticias.com.mx\/index.php?rest_route=%2Fwp%2Fv2%2Fmedia&parent=23829"}],"wp:term":[{"taxonomy":"category","embeddable":true,"href":"https:\/\/www.interaccionnoticias.com.mx\/index.php?rest_route=%2Fwp%2Fv2%2Fcategories&post=23829"},{"taxonomy":"post_tag","embeddable":true,"href":"https:\/\/www.interaccionnoticias.com.mx\/index.php?rest_route=%2Fwp%2Fv2%2Ftags&post=23829"}],"curies":[{"name":"wp","href":"https:\/\/api.w.org\/{rel}","templated":true}]}}