{"id":2369,"date":"2017-02-27T20:09:50","date_gmt":"2017-02-28T02:09:50","guid":{"rendered":"http:\/\/www.inter-accion.com.mx\/?p=2369"},"modified":"2017-02-27T20:09:50","modified_gmt":"2017-02-28T02:09:50","slug":"colectivos-de-desaparecidos-impugnan-la-designacion-de-titular-de-la-ceav-federal","status":"publish","type":"post","link":"https:\/\/www.interaccionnoticias.com.mx\/?p=2369","title":{"rendered":"Colectivos de desaparecidos impugnan la designaci\u00f3n de titular de la CEAV federal"},"content":{"rendered":"<p><span style=\"font-weight: 400;\">*Tambi\u00e9n piden que se incremente el presupuesto destinado para la comisi\u00f3n en el estado de Guerrero <\/span><br \/>\n&nbsp;<br \/>\n<span style=\"font-weight: 400;\">Con una protesta en la residencia oficial Casa Guerrero, cinco colectivos de familiares de personas desaparecidas impugnaron la designaci\u00f3n de Jaime Roch\u00edn del Rinc\u00f3n como presidente de la Comisi\u00f3n Ejecutiva de Atenci\u00f3n a V\u00edctimas (CEAV) a nivel nacional, tambi\u00e9n solicitaron que de 9 millones de pesos se incremente a 25 el presupuesto destinado para la Comisi\u00f3n creada en el estado de Guerrero.<\/span><br \/>\n<span style=\"font-weight: 400;\">Desde las 12:00 horas, representantes de colectivos como Siempre Vivos de Chilapa, Los Otros Desaparecidos de Iguala de la Independencia, Padres y Amigos de Desaparecidos y Asesinados de Chilpancingo, el Taller de Desarrollo Comunitario (Tadeco) y Familias en B\u00fasqueda de Acapulco llegaron a la puerta dos de la residencia oficial Casa Guerrero.<\/span><br \/>\n<span style=\"font-weight: 400;\">Ah\u00ed solicitaron una audiencia con el gobernador H\u00e9ctor Antonio Astudillo Flores, adem\u00e1s de que dieron &nbsp;conocer un pronunciamiento dirigido al gobierno federal y al Senado de la Rep\u00fablica, para se\u00f1alar que no est\u00e1n de acuerdo con la designaci\u00f3n de Roch\u00edn Rinc\u00f3n como presidente de la CEAV.<\/span><br \/>\n<span style=\"font-weight: 400;\">Jos\u00e9 D\u00edaz Navarro, presidente de Siempre Vivos, manifest\u00f3 que la decisi\u00f3n asumida en el Senado es una imposici\u00f3n que lejos de ayudar, perjudica severamente a las familias de las v\u00edctimas en la entidad.<\/span><br \/>\n<span style=\"font-weight: 400;\">Adriana Bahena, representante de Los Otros Desaparecidos de Iguala, refiri\u00f3 que en las instancias del gobierno federal no quieren asumir el problema en su justa dimensi\u00f3n. &nbsp;<\/span><br \/>\n<span style=\"font-weight: 400;\">La raz\u00f3n por la que hay una postura de rechazo en contra del responsable de la CEAV, es que durante el tiempo en que se desempe\u00f1\u00f3 como consejero de Atenci\u00f3n a V\u00edctimas, nunca actu\u00f3 con diligencia hacia las familias afectadas, por el contrario \u201cfue inepto, indolente, ineficaz y discriminador\u201d.<\/span><br \/>\n<span style=\"font-weight: 400;\">Por esa raz\u00f3n, las cinco organizaciones integradas en el Frente Estatal solicitaron al gobierno federal que reconsidere la propuesta de Jaime Roch\u00edn, al Senado le pidieron que escuche la voz de las familias agraviadas por las desapariciones involuntarias, para que en el cargo quede una persona que se reconocida por su sensibilidad, que no tenga relaci\u00f3n con los partidos pol\u00edticos y que en consecuencia, no reciba ning\u00fan tipo de l\u00ednea.<\/span><br \/>\n<span style=\"font-weight: 400;\">Entre otras cosas, los inconformes solicitaron al gobierno del estado que explique si efectivamente, su administraci\u00f3n don\u00f3 47 millones de pesos al Telet\u00f3n, ya que a la CEAV estatal solamente le asignaron un presupuesto de 9 millones de pesos.<\/span><br \/>\n<span style=\"font-weight: 400;\">Propusieron que se ampl\u00ede el presupuesto de la CEAV a 25 millones de pesos, adem\u00e1s de que se revise el trabajo de los tres consejeros de dicha comisi\u00f3n en Guerrero, ya que solamente conocen al presidente Jos\u00e9 Luis Gallegos Peralta, en tanto que los otros dos ganan 75 mil pesos mensuales sin hacer mucho por las v\u00edctimas.<\/span><br \/>\n<span style=\"font-weight: 400;\">Demandaron la entrega de despensas, becas y sobre todo, que se redireccionen 20 de las otorgadas para gente af\u00edn a Michel Chen, directora de Atenci\u00f3n a V\u00edctimas de la Fiscal\u00eda General del Estado (FGE), la que destin\u00f3 becas a trabajadores de la dependencia estatal y no a familias agraviadas.<\/span><br \/>\n<span style=\"font-weight: 400;\">Aunque no fueron atendidos por el gobernador H\u00e9ctor Astudillo Flores, los colectivos fueron recibidos en audiencia por el secretario de Gobierno, Florencio Salazar Adame.<\/span><br \/>\n&nbsp;<\/p>\n","protected":false},"excerpt":{"rendered":"<p>*Tambi\u00e9n piden que se incremente el presupuesto destinado para la comisi\u00f3n en el estado de Guerrero &nbsp; Con una protesta en la residencia oficial Casa Guerrero, cinco colectivos de familiares&hellip; <\/p>\n","protected":false},"author":1,"featured_media":0,"comment_status":"open","ping_status":"open","sticky":false,"template":"","format":"standard","meta":{"fifu_image_url":"","fifu_image_alt":"","footnotes":""},"categories":[8,15],"tags":[],"class_list":["post-2369","post","type-post","status-publish","format-standard","hentry","category-featured","category-movimientos-sociales"],"_links":{"self":[{"href":"https:\/\/www.interaccionnoticias.com.mx\/index.php?rest_route=\/wp\/v2\/posts\/2369","targetHints":{"allow":["GET"]}}],"collection":[{"href":"https:\/\/www.interaccionnoticias.com.mx\/index.php?rest_route=\/wp\/v2\/posts"}],"about":[{"href":"https:\/\/www.interaccionnoticias.com.mx\/index.php?rest_route=\/wp\/v2\/types\/post"}],"author":[{"embeddable":true,"href":"https:\/\/www.interaccionnoticias.com.mx\/index.php?rest_route=\/wp\/v2\/users\/1"}],"replies":[{"embeddable":true,"href":"https:\/\/www.interaccionnoticias.com.mx\/index.php?rest_route=%2Fwp%2Fv2%2Fcomments&post=2369"}],"version-history":[{"count":0,"href":"https:\/\/www.interaccionnoticias.com.mx\/index.php?rest_route=\/wp\/v2\/posts\/2369\/revisions"}],"wp:attachment":[{"href":"https:\/\/www.interaccionnoticias.com.mx\/index.php?rest_route=%2Fwp%2Fv2%2Fmedia&parent=2369"}],"wp:term":[{"taxonomy":"category","embeddable":true,"href":"https:\/\/www.interaccionnoticias.com.mx\/index.php?rest_route=%2Fwp%2Fv2%2Fcategories&post=2369"},{"taxonomy":"post_tag","embeddable":true,"href":"https:\/\/www.interaccionnoticias.com.mx\/index.php?rest_route=%2Fwp%2Fv2%2Ftags&post=2369"}],"curies":[{"name":"wp","href":"https:\/\/api.w.org\/{rel}","templated":true}]}}