{"id":23440,"date":"2019-03-15T19:13:21","date_gmt":"2019-03-16T01:13:21","guid":{"rendered":"http:\/\/www.inter-accion.com.mx\/?p=23440"},"modified":"2019-03-15T19:13:21","modified_gmt":"2019-03-16T01:13:21","slug":"integran-frente-universitario-en-defensa-de-la-autonomia","status":"publish","type":"post","link":"https:\/\/www.interaccionnoticias.com.mx\/?p=23440","title":{"rendered":"INTEGRAN FRENTE UNIVERSITARIO EN DEFENSA DE LA AUTONOMIA"},"content":{"rendered":"<p><strong>Acapulco, Gro.-<\/strong> Organizaciones gremiales conformaron un frente amplio para defender la autonom\u00eda universitaria y contra la animadversi\u00f3n, del presidente Andr\u00e9s Manuel L\u00f3pez Obrador, hacia la educaci\u00f3n superior p\u00fablica.<br \/>\nLiderados por Enrique Levet Gorozpe se anuncia al presidente de M\u00e9xico que los universitarios \u00abno ven la cuarta transformaci\u00f3n en la educaci\u00f3n superior p\u00fablica de M\u00e9xico, m\u00e1s bien una cuarta regresi\u00f3n\u00bb.<br \/>\nEl frente amplio esta conformado por 48 secretarios generales de sindicatos de acad\u00e9micos universitarios, quienes adelantan que defender\u00e1n con todo la autonom\u00eda universitaria.<br \/>\nEl secretario general de la Confederaci\u00f3n Nacional de Trabajadores Universitarios (CONTU), Enrique Levet, expres\u00f3 que no ve, en la administraci\u00f3n del gobierno federal una cuarta transformaci\u00f3n en la educaci\u00f3n superior p\u00fablica, sino m\u00e1s bien una cuarta regresi\u00f3n.<br \/>\nPor ello, este d\u00eda, al celebrarse la XVIII Asamblea General Ordinaria, llam\u00f3 a la construcci\u00f3n de un Gran frente amplio nacional para apoyar a las universidades p\u00fablicas del Pa\u00eds de los embates y de la animadversi\u00f3n que est\u00e1 generando el gobierno de L\u00f3pez Obrador para desprestigiar a las instituciones p\u00fablicas de educaci\u00f3n superior.<br \/>\n\u201cLo que queremos construir en acuerdo con las autoridades universitarias, con los rectores, con los estudiantes, trabajadores acad\u00e9micos y administrativos, con egresados, es un frente muy amplio de defensa a la universidad p\u00fablica mexicana, en el estricto sentido de que las universidades p\u00fablicas han sido bastiones de desarrollo en el pa\u00eds, de crecimiento en los estados, de fortalecimiento, de mejora a las condiciones\u201d, sostuvo.<br \/>\nLevet Gorozpe consider\u00f3 que si se siguen restringiendo los recursos a las universidades, y se contin\u00faa limitando el crecimiento de la matr\u00edcula, que propicia la desatenci\u00f3n a los j\u00f3venes que quieren hacer sus estudios superiores y que en muchas ocasiones deciden por otras opciones para sobrevivir; no se avanzar\u00e1 en la naci\u00f3n.<br \/>\nIncluso afirm\u00f3 que hay \u201cirritaci\u00f3n, coraje, malestar y preocupaci\u00f3n\u201d, de parte de los secretarios generales de las organizaciones sindicales de las universidades p\u00fablicas contra la administraci\u00f3n del presidente de M\u00e9xico, por lo que est\u00e1n dispuestos a ir con todo para defender a la universidad p\u00fablica.<br \/>\nDurantr ma reuni\u00f3n se determin\u00f3 que la ruta a seguir de los sindicatos universitarios ser\u00e1n movilizaciones y manifestaciones en la C\u00e1mara de Diputados, desplegados en medios, conferencias de prensas en las entidades, entre otras acciones.<br \/>\nEl secretario general de la CONTU envi\u00f3 un mensaje al presidente L\u00f3pez Obrador y dijo que: \u201cdesde la \u00f3ptica de los universitarios no vemos la cuarta transformaci\u00f3n, parece la cuarta regresi\u00f3n, porque estamos cayendo en los esquemas de los 60s, de los 70s, que era cuando las universidades vivieron en las condiciones paup\u00e9rrimas de las que tenemos ahora\u201d.<br \/>\nEl tambi\u00e9n secretario general de la FESAPAUV defini\u00f3 que no se ha avanzado gran cosa con el gobierno federal, con relaci\u00f3n a diversas demandas, pues dijo hay una \u201ccerraz\u00f3n\u201d de parte de las autoridades de la Secretar\u00eda de Educaci\u00f3n P\u00fablica.<br \/>\nReconoci\u00f3 que el subsecretario Luciano Concheiro s\u00ed los ha recibido, sin embargo, sostuvo que hay es una \u201canimadversi\u00f3n\u201d de parte del gobierno federal hacia las universidades p\u00fablicas, por ello es que se crea un Frente Amplio de Defensa de la educaci\u00f3n superior p\u00fablica y en defensa de la autonom\u00eda universitaria.<br \/>\n\u201cSon cuestiones que no vamos a soslayar, vamos a lograr que finalmente en la discusi\u00f3n de la reforma educativa que est\u00e1 en el seno de la C\u00e1mara de Diputados, quede incluida la fracci\u00f3n VII que excluyeron\u201d, subray\u00f3.<br \/>\nEste viernes, acudieron a la inauguraci\u00f3n oficial de la Asamblea, el rector de la Universidad Aut\u00f3noma de Guerrero, Javier Salda\u00f1a Almaz\u00e1n, el secretario de Educaci\u00f3n, Arturo Sagrado Uriostegui, adem\u00e1s de 48 secretarios generales de los sindicatos de acad\u00e9micos y de trabajadores administrativos.<\/p>\n","protected":false},"excerpt":{"rendered":"<p>Acapulco, Gro.- Organizaciones gremiales conformaron un frente amplio para defender la autonom\u00eda universitaria y contra la animadversi\u00f3n, del presidente Andr\u00e9s Manuel L\u00f3pez Obrador, hacia la educaci\u00f3n superior p\u00fablica. Liderados por&hellip; <\/p>\n","protected":false},"author":1,"featured_media":0,"comment_status":"closed","ping_status":"closed","sticky":false,"template":"","format":"standard","meta":{"fifu_image_url":"","fifu_image_alt":"","footnotes":""},"categories":[8,30],"tags":[],"class_list":["post-23440","post","type-post","status-publish","format-standard","hentry","category-featured","category-universidad"],"_links":{"self":[{"href":"https:\/\/www.interaccionnoticias.com.mx\/index.php?rest_route=\/wp\/v2\/posts\/23440","targetHints":{"allow":["GET"]}}],"collection":[{"href":"https:\/\/www.interaccionnoticias.com.mx\/index.php?rest_route=\/wp\/v2\/posts"}],"about":[{"href":"https:\/\/www.interaccionnoticias.com.mx\/index.php?rest_route=\/wp\/v2\/types\/post"}],"author":[{"embeddable":true,"href":"https:\/\/www.interaccionnoticias.com.mx\/index.php?rest_route=\/wp\/v2\/users\/1"}],"replies":[{"embeddable":true,"href":"https:\/\/www.interaccionnoticias.com.mx\/index.php?rest_route=%2Fwp%2Fv2%2Fcomments&post=23440"}],"version-history":[{"count":0,"href":"https:\/\/www.interaccionnoticias.com.mx\/index.php?rest_route=\/wp\/v2\/posts\/23440\/revisions"}],"wp:attachment":[{"href":"https:\/\/www.interaccionnoticias.com.mx\/index.php?rest_route=%2Fwp%2Fv2%2Fmedia&parent=23440"}],"wp:term":[{"taxonomy":"category","embeddable":true,"href":"https:\/\/www.interaccionnoticias.com.mx\/index.php?rest_route=%2Fwp%2Fv2%2Fcategories&post=23440"},{"taxonomy":"post_tag","embeddable":true,"href":"https:\/\/www.interaccionnoticias.com.mx\/index.php?rest_route=%2Fwp%2Fv2%2Ftags&post=23440"}],"curies":[{"name":"wp","href":"https:\/\/api.w.org\/{rel}","templated":true}]}}