{"id":2307,"date":"2017-02-23T22:53:23","date_gmt":"2017-02-24T04:53:23","guid":{"rendered":"http:\/\/www.inter-accion.com.mx\/?p=2307"},"modified":"2017-02-23T22:53:23","modified_gmt":"2017-02-24T04:53:23","slug":"repunta-la-violencia-en-region-norte","status":"publish","type":"post","link":"https:\/\/www.interaccionnoticias.com.mx\/?p=2307","title":{"rendered":"Repunta la violencia en regi\u00f3n Norte"},"content":{"rendered":"<div>Reconoce el gobernador Astudillo Flores<\/div>\n<div>&nbsp;<\/div>\n<div>\nAcapulco, Gro.- El gobernador de Guerrero H\u00e9ctor Astudillo Flores reconoci\u00f3 que la violencia apareci\u00f3 en los municipios de la zona norte del estado.<br \/>\n\u00abSe est\u00e1n presentando (hecho de violencia) de manera mucho muy notable en la zona norte en algunos municipios como Taxco (de Alarc\u00f3n) en el caso tambi\u00e9n de Tetipac, Buenavista de Cuellar, que se nos han presentado alguna acci\u00f3n violenta.<br \/>\n\u00abObviamente todo esto tiene que ver mucho con la presencia de los grupos delincuenciales y la federaci\u00f3n junto con \u00e9l gobierno del Estado, junto con Secretar\u00eda de la Defensa Nacional y la Marina Armada de Mexico est\u00e1n absolutamente determinados en enfrentar este problema pero como ustedes lo ven ya no es un asunto de que Guerrero Brilla como si fuera el \u00fanico\u00bb, dijo.<br \/>\nAstudillo Flores, aclar\u00f3 que no pretende exculpar ni disculpar de la situaci\u00f3n de la violencia, de lo que hace en su administraci\u00f3n, pero considero que se trata de un problema nacional.<br \/>\nDel caso de San Miguel Totolapan, precis\u00f3 que ah\u00ed se habl\u00f3 con los maestros y se acord\u00f3 que poco a poco se ir\u00e1 regresando a clases primero en la cabecera y posteriormente en los lugares cercanos, en una especie como de c\u00edrculo alrededor de lo que es la cabecera municipal.<br \/>\nRevel\u00f3 que de momento est\u00e1n colaborando en este operativo alrededor de 400 personas entre lo que es Ej\u00e9rcito Mexicano y la Polic\u00eda del Estado.<br \/>\n\u00abSIn lugar a duda, no me atrevo a equivocar que es el municipio per c\u00e1pita que puede estar m\u00e1s vigilado en este momento, yo creo que las condiciones para que regresen a las escuelas est\u00e1n dadas\u00bb, expres\u00f3 en entrevista durante el recorrido por la tirolesa Xtasea que entrar\u00e1 en operaci\u00f3n el pr\u00f3ximo 28 de marzo.<\/div>\n","protected":false},"excerpt":{"rendered":"<p>Reconoce el gobernador Astudillo Flores &nbsp; Acapulco, Gro.- El gobernador de Guerrero H\u00e9ctor Astudillo Flores reconoci\u00f3 que la violencia apareci\u00f3 en los municipios de la zona norte del estado. \u00abSe&hellip; <\/p>\n","protected":false},"author":1,"featured_media":0,"comment_status":"open","ping_status":"open","sticky":false,"template":"","format":"standard","meta":{"fifu_image_url":"","fifu_image_alt":"","footnotes":""},"categories":[8,27],"tags":[],"class_list":["post-2307","post","type-post","status-publish","format-standard","hentry","category-featured","category-seguridad-publica"],"_links":{"self":[{"href":"https:\/\/www.interaccionnoticias.com.mx\/index.php?rest_route=\/wp\/v2\/posts\/2307","targetHints":{"allow":["GET"]}}],"collection":[{"href":"https:\/\/www.interaccionnoticias.com.mx\/index.php?rest_route=\/wp\/v2\/posts"}],"about":[{"href":"https:\/\/www.interaccionnoticias.com.mx\/index.php?rest_route=\/wp\/v2\/types\/post"}],"author":[{"embeddable":true,"href":"https:\/\/www.interaccionnoticias.com.mx\/index.php?rest_route=\/wp\/v2\/users\/1"}],"replies":[{"embeddable":true,"href":"https:\/\/www.interaccionnoticias.com.mx\/index.php?rest_route=%2Fwp%2Fv2%2Fcomments&post=2307"}],"version-history":[{"count":0,"href":"https:\/\/www.interaccionnoticias.com.mx\/index.php?rest_route=\/wp\/v2\/posts\/2307\/revisions"}],"wp:attachment":[{"href":"https:\/\/www.interaccionnoticias.com.mx\/index.php?rest_route=%2Fwp%2Fv2%2Fmedia&parent=2307"}],"wp:term":[{"taxonomy":"category","embeddable":true,"href":"https:\/\/www.interaccionnoticias.com.mx\/index.php?rest_route=%2Fwp%2Fv2%2Fcategories&post=2307"},{"taxonomy":"post_tag","embeddable":true,"href":"https:\/\/www.interaccionnoticias.com.mx\/index.php?rest_route=%2Fwp%2Fv2%2Ftags&post=2307"}],"curies":[{"name":"wp","href":"https:\/\/api.w.org\/{rel}","templated":true}]}}