{"id":2304,"date":"2017-02-23T22:40:52","date_gmt":"2017-02-24T04:40:52","guid":{"rendered":"http:\/\/www.inter-accion.com.mx\/?p=2304"},"modified":"2017-02-23T22:40:52","modified_gmt":"2017-02-24T04:40:52","slug":"campana-anti-trump-en-el-puerto-de-acapulco","status":"publish","type":"post","link":"https:\/\/www.interaccionnoticias.com.mx\/?p=2304","title":{"rendered":"Campa\u00f1a anti Trump en el puerto de Acapulco"},"content":{"rendered":"<div>Principalmente en unidades del servicio p\u00fablico<\/div>\n<div>&nbsp;<\/div>\n<div>\n<div>\n<div>\nAcapulco, Gro.- Desde el pasado lunes sobre la costera Miguel Alem\u00e1n empezaron a circular en medallones de los camiones urbanos de la ruta Caleta-Centro, leyendas contra el presidente electo de los Estados Unidos, Donald Trump.<br \/>\n\u00abSomos mexicanos\u00bb, y tu madre te mentamos, dice el espectacular con la imagen del magnate y presidente de los Estados Unidos, Donald Trump.<br \/>\nInicialmente eran 20 camiones urbanos iban a circular con ese estampado como parte de una campa\u00f1a publicitaria en contra del nuevo mandatario, dice Laura Caballero Rodr\u00edguez<br \/>\nPresidenta de la asociaci\u00f3n de comerciantes del Acapulco Dorado.<br \/>\n\u00abBueno s\u00ed mira, como mexicanos es que nosotros estamos levantando la voz, c\u00f3mo es posible que nosotros los mexicanos permitamos que vengan y que nos insulten y que no tengamos un gobernante que se ponga al frente para defendernos, ese es el sentir de muchos de los mexicanos.<br \/>\n\u00abNo nos est\u00e1n, defendiendo, de que probablemente ya baj\u00f3 lo oscurito, el Gobierno Federal, el gobierno municipal o Estatal ya hicieron negociaciones con este personaje con el presidente Trump y que ha permitido que venga a insultarnos, que deporten a tantos y tantos mexicanos\u00bb, reproch\u00f3 la dirigente de comerciantes.<br \/>\nReprocha que mi el gobierno federal ni estatal han expresado p\u00fablicamente una defensa del pueblo mexicano \u00ablo que si queremos decir es que todos los mexicanos son bienvenidos en nuestro pa\u00eds, que aqu\u00ed tienen un pa\u00eds y que no necesita seguir siendo humillados y vejados\u00bb, clama.<br \/>\nLaura Caballero calific\u00f3 de mis\u00f3gino y racista al magnate y se\u00f1al\u00f3 que \u00e9l puede hacer lo que quiera en su pa\u00eds, pero reclam\u00f3 que a los mexicanos los respete que no vea en ellos una raza inferior, reclam\u00f3.<\/div>\n<\/div>\n<\/div>\n","protected":false},"excerpt":{"rendered":"<p>Principalmente en unidades del servicio p\u00fablico &nbsp; Acapulco, Gro.- Desde el pasado lunes sobre la costera Miguel Alem\u00e1n empezaron a circular en medallones de los camiones urbanos de la ruta&hellip; <\/p>\n","protected":false},"author":1,"featured_media":0,"comment_status":"open","ping_status":"open","sticky":false,"template":"","format":"standard","meta":{"fifu_image_url":"","fifu_image_alt":"","footnotes":""},"categories":[8,23],"tags":[],"class_list":["post-2304","post","type-post","status-publish","format-standard","hentry","category-featured","category-regionales"],"_links":{"self":[{"href":"https:\/\/www.interaccionnoticias.com.mx\/index.php?rest_route=\/wp\/v2\/posts\/2304","targetHints":{"allow":["GET"]}}],"collection":[{"href":"https:\/\/www.interaccionnoticias.com.mx\/index.php?rest_route=\/wp\/v2\/posts"}],"about":[{"href":"https:\/\/www.interaccionnoticias.com.mx\/index.php?rest_route=\/wp\/v2\/types\/post"}],"author":[{"embeddable":true,"href":"https:\/\/www.interaccionnoticias.com.mx\/index.php?rest_route=\/wp\/v2\/users\/1"}],"replies":[{"embeddable":true,"href":"https:\/\/www.interaccionnoticias.com.mx\/index.php?rest_route=%2Fwp%2Fv2%2Fcomments&post=2304"}],"version-history":[{"count":0,"href":"https:\/\/www.interaccionnoticias.com.mx\/index.php?rest_route=\/wp\/v2\/posts\/2304\/revisions"}],"wp:attachment":[{"href":"https:\/\/www.interaccionnoticias.com.mx\/index.php?rest_route=%2Fwp%2Fv2%2Fmedia&parent=2304"}],"wp:term":[{"taxonomy":"category","embeddable":true,"href":"https:\/\/www.interaccionnoticias.com.mx\/index.php?rest_route=%2Fwp%2Fv2%2Fcategories&post=2304"},{"taxonomy":"post_tag","embeddable":true,"href":"https:\/\/www.interaccionnoticias.com.mx\/index.php?rest_route=%2Fwp%2Fv2%2Ftags&post=2304"}],"curies":[{"name":"wp","href":"https:\/\/api.w.org\/{rel}","templated":true}]}}