{"id":2301,"date":"2017-02-23T22:35:28","date_gmt":"2017-02-24T04:35:28","guid":{"rendered":"http:\/\/www.inter-accion.com.mx\/?p=2301"},"modified":"2017-02-23T22:35:28","modified_gmt":"2017-02-24T04:35:28","slug":"alcalde-mano-dura-contra-los-que-tiran-basura-en-via-publica","status":"publish","type":"post","link":"https:\/\/www.interaccionnoticias.com.mx\/?p=2301","title":{"rendered":"Alcalde: Mano dura contra los que tiran basura en v\u00eda p\u00fablica"},"content":{"rendered":"<p class=\"m_2845183120046100372gmail-MsoNoSpacing\"><span style=\"font-family: georgia, serif;\">Principalmente en el primer cuadro de la ciudad&nbsp;<\/span><span style=\"font-family: georgia, serif; font-size: medium;\">&nbsp;<\/span><\/p>\n<p class=\"m_2845183120046100372gmail-MsoNoSpacing\">&nbsp;El alcalde de Chilpancingo, Marco Antonio Leyva Mena advirti\u00f3 que a partir del lunes comenzar\u00e1n a aplicarse multas \u201cm\u00e1s severas\u201d, contra las personas que abandonen desechos s\u00f3lidos en el primer cuadro de la ciudad. &nbsp;<\/p>\n<p class=\"m_2845183120046100372gmail-MsoNoSpacing\">\u201c(Una cultura c\u00edvica) no la tenemos, te quiero decir como autoridad, ya basta, hasta aqu\u00ed llegamos, ya hicimos las invitaciones pertinentes a los comerciantes del primer cuadro de la ciudad, para que tengan su basura en su establecimiento hasta que pase el cami\u00f3n\u201d, precis\u00f3. &nbsp;<\/p>\n<p class=\"m_2845183120046100372gmail-MsoNoSpacing\">Aunque los vecinos del centro de Chilpancingo, han manifestado que el servicio de recolecci\u00f3n del \u00e1rea de servicios p\u00fablicos, es irregular y poco satisfactorio, Leyva Mena neg\u00f3 esa situaci\u00f3n y resalt\u00f3 que es necesario aplicar la ley a quienes contaminen las calles.<\/p>\n<p class=\"m_2845183120046100372gmail-MsoNoSpacing\">Dijo que el personal de servicios p\u00fablicos realiza hasta 4 recorridos por las calles del centro de Chilpancingo, dos de ellos por la ma\u00f1ana y el resto por la tarde, sin embargo, atribuyo el desorden a que los vecinos no cuentan con una cultura c\u00edvica.<\/p>\n<p class=\"m_2845183120046100372gmail-MsoNoSpacing\">Por ello, insisti\u00f3 que a partir del lunes, se aplicar\u00edan las multas correspondientes contra quienes contaminen las calles, particularmente con los propietarios de comercios, de quien dijo, son los que realizan ese tipo de actos.<\/p>\n<p class=\"m_2845183120046100372gmail-MsoNoSpacing\">Leyva Mena, adelant\u00f3 que las multas ser\u00edan \u201cm\u00e1s severas\u201d y rondar\u00edan entre los 2 mil y tres mil pesos o hasta la clausura total del establecimiento.<\/p>\n<p class=\"m_2845183120046100372gmail-MsoNoSpacing\">Asimismo, habl\u00f3 de la destituci\u00f3n de Sergio del Moral Ben\u00edtez, quien fung\u00eda como titular de la Secretaria de Servicios P\u00fablicos, de quien dijo que fue necesario hacer un cambio en esa \u00e1rea porque las \u201ccosas no marchaban bien\u201d, adem\u00e1s de que relat\u00f3 \u201cno por ser mi amigo, voy a estar necio, obcecado en que contin\u00fae ah\u00ed en esa \u00e1rea, y creo que necesita oxigenarse para que tenga una mejor relaci\u00f3n con los trabajadores al interior de servicios p\u00fablicos\u201d, puntualiz\u00f3.<\/p>\n","protected":false},"excerpt":{"rendered":"<p>Principalmente en el primer cuadro de la ciudad&nbsp;&nbsp; &nbsp;El alcalde de Chilpancingo, Marco Antonio Leyva Mena advirti\u00f3 que a partir del lunes comenzar\u00e1n a aplicarse multas \u201cm\u00e1s severas\u201d, contra las&hellip; <\/p>\n","protected":false},"author":1,"featured_media":0,"comment_status":"open","ping_status":"open","sticky":false,"template":"","format":"standard","meta":{"fifu_image_url":"","fifu_image_alt":"","footnotes":""},"categories":[13,8],"tags":[],"class_list":["post-2301","post","type-post","status-publish","format-standard","hentry","category-capital","category-featured"],"_links":{"self":[{"href":"https:\/\/www.interaccionnoticias.com.mx\/index.php?rest_route=\/wp\/v2\/posts\/2301","targetHints":{"allow":["GET"]}}],"collection":[{"href":"https:\/\/www.interaccionnoticias.com.mx\/index.php?rest_route=\/wp\/v2\/posts"}],"about":[{"href":"https:\/\/www.interaccionnoticias.com.mx\/index.php?rest_route=\/wp\/v2\/types\/post"}],"author":[{"embeddable":true,"href":"https:\/\/www.interaccionnoticias.com.mx\/index.php?rest_route=\/wp\/v2\/users\/1"}],"replies":[{"embeddable":true,"href":"https:\/\/www.interaccionnoticias.com.mx\/index.php?rest_route=%2Fwp%2Fv2%2Fcomments&post=2301"}],"version-history":[{"count":0,"href":"https:\/\/www.interaccionnoticias.com.mx\/index.php?rest_route=\/wp\/v2\/posts\/2301\/revisions"}],"wp:attachment":[{"href":"https:\/\/www.interaccionnoticias.com.mx\/index.php?rest_route=%2Fwp%2Fv2%2Fmedia&parent=2301"}],"wp:term":[{"taxonomy":"category","embeddable":true,"href":"https:\/\/www.interaccionnoticias.com.mx\/index.php?rest_route=%2Fwp%2Fv2%2Fcategories&post=2301"},{"taxonomy":"post_tag","embeddable":true,"href":"https:\/\/www.interaccionnoticias.com.mx\/index.php?rest_route=%2Fwp%2Fv2%2Ftags&post=2301"}],"curies":[{"name":"wp","href":"https:\/\/api.w.org\/{rel}","templated":true}]}}