{"id":2282,"date":"2017-02-22T23:00:14","date_gmt":"2017-02-23T05:00:14","guid":{"rendered":"http:\/\/www.inter-accion.com.mx\/?p=2282"},"modified":"2017-02-22T23:00:14","modified_gmt":"2017-02-23T05:00:14","slug":"cinco-muertos-en-chilpancingo-y-chilapa-durante-la-jornada-del-22-de-febrero","status":"publish","type":"post","link":"https:\/\/www.interaccionnoticias.com.mx\/?p=2282","title":{"rendered":"Cinco muertos en Chilpancingo y Chilapa, durante la jornada del 22 de febrero"},"content":{"rendered":"<p>Durante la jornada del mi\u00e9rcoles, cinco hombres fueron asesinados en los municipios de Chilpancingo y Chilapa, en la regi\u00f3n Centro de Guerrero.<br \/>\nLa madrugada del 22 de febrero, la polic\u00eda del estado confirm\u00f3 la ubicaci\u00f3n de dos cad\u00e1veres envueltos en bolsas negras, en las inmediaciones de \u201cEl Parador del Marqu\u00e9s\u201d, en la entrada sur de Chilpancingo.<br \/>\nLos restos humanos ingresaron a las instalaciones del Servicio M\u00e9dico Forense (Semefo) en calidad de desconocidos, ya que no se encontraron documentos que permitieran su identificaci\u00f3n.<br \/>\nAl parecer se trata de dos hombres que la jornada del martes fueron privados de la libertad en las inmediaciones de Chilapa, aunque hasta entrada la noche no se confirmaba la identidad de los mismos.<br \/>\nM\u00e1s tarde, en la comunidad de Lodo Grande, perteneciente al municipio de Chilapa, personal de la Polic\u00eda del Estado confirm\u00f3 el asesinato de un hombre de aproximados 40 a\u00f1os.<br \/>\nAl cad\u00e1ver se le observ\u00f3 una lesi\u00f3n producida por arma blanca a la altura de la garganta, los agresores dejaron cerca una cartulina con un mensaje intimidatorio dirigido contra \u201cLos Ardillos\u201d, grupo delictivo que disputa el control de la regi\u00f3n.<br \/>\nAlrededor de las 19:00 horas, vecinos de la colonia San Rafael Oriente reportaron la detonaci\u00f3n de armas de fuego, por lo que se comunicaron al sistema de emergencias 911.<br \/>\nLa polic\u00eda confirm\u00f3 que cerca de las canchas del asentamiento humano de referencia hab\u00eda dos personas ejecutadas a balazos, por lo que se dio parte a los peritos de la Fiscal\u00eda General del Estado (FGE).<br \/>\nLa zona fue acordonada por elementos del Ej\u00e9rcito Mexicano, la Polic\u00eda Federal (PF) y del estado.<\/p>\n","protected":false},"excerpt":{"rendered":"<p>Durante la jornada del mi\u00e9rcoles, cinco hombres fueron asesinados en los municipios de Chilpancingo y Chilapa, en la regi\u00f3n Centro de Guerrero. La madrugada del 22 de febrero, la polic\u00eda&hellip; <\/p>\n","protected":false},"author":1,"featured_media":0,"comment_status":"open","ping_status":"open","sticky":false,"template":"","format":"standard","meta":{"fifu_image_url":"","fifu_image_alt":"","footnotes":""},"categories":[8,27],"tags":[],"class_list":["post-2282","post","type-post","status-publish","format-standard","hentry","category-featured","category-seguridad-publica"],"_links":{"self":[{"href":"https:\/\/www.interaccionnoticias.com.mx\/index.php?rest_route=\/wp\/v2\/posts\/2282","targetHints":{"allow":["GET"]}}],"collection":[{"href":"https:\/\/www.interaccionnoticias.com.mx\/index.php?rest_route=\/wp\/v2\/posts"}],"about":[{"href":"https:\/\/www.interaccionnoticias.com.mx\/index.php?rest_route=\/wp\/v2\/types\/post"}],"author":[{"embeddable":true,"href":"https:\/\/www.interaccionnoticias.com.mx\/index.php?rest_route=\/wp\/v2\/users\/1"}],"replies":[{"embeddable":true,"href":"https:\/\/www.interaccionnoticias.com.mx\/index.php?rest_route=%2Fwp%2Fv2%2Fcomments&post=2282"}],"version-history":[{"count":0,"href":"https:\/\/www.interaccionnoticias.com.mx\/index.php?rest_route=\/wp\/v2\/posts\/2282\/revisions"}],"wp:attachment":[{"href":"https:\/\/www.interaccionnoticias.com.mx\/index.php?rest_route=%2Fwp%2Fv2%2Fmedia&parent=2282"}],"wp:term":[{"taxonomy":"category","embeddable":true,"href":"https:\/\/www.interaccionnoticias.com.mx\/index.php?rest_route=%2Fwp%2Fv2%2Fcategories&post=2282"},{"taxonomy":"post_tag","embeddable":true,"href":"https:\/\/www.interaccionnoticias.com.mx\/index.php?rest_route=%2Fwp%2Fv2%2Ftags&post=2282"}],"curies":[{"name":"wp","href":"https:\/\/api.w.org\/{rel}","templated":true}]}}