{"id":2272,"date":"2017-02-22T00:02:14","date_gmt":"2017-02-22T06:02:14","guid":{"rendered":"http:\/\/www.inter-accion.com.mx\/?p=2272"},"modified":"2017-02-22T00:02:14","modified_gmt":"2017-02-22T06:02:14","slug":"gobierno-de-mario-moreno-dejo-deudas-en-chilpancingo-senala-el-alcalde","status":"publish","type":"post","link":"https:\/\/www.interaccionnoticias.com.mx\/?p=2272","title":{"rendered":"Gobierno de Mario Moreno dej\u00f3 deudas en Chilpancingo, se\u00f1ala el alcalde"},"content":{"rendered":"<p><span style=\"font-weight: 400;\">El alcalde de Chilpancingo, Marco Antonio Leyva Mena, confirm\u00f3 la existencia de \u00abdeudas\u00bb que no han sido comprobadas por la anterior administraci\u00f3n que presidi\u00f3 el tambi\u00e9n priista Mario Moreno Arcos. <\/span><br \/>\n<span style=\"font-weight: 400;\">En entrevista, al concluir la presentaci\u00f3n de la Primera Feria del Empleo en Chilpancingo, Leyva Mena habl\u00f3 ante los medios de comunicaci\u00f3n sobre las acusaciones de partidos pol\u00edticos de oposici\u00f3n, en relaci\u00f3n a presuntos desv\u00edos de recursos durante el transcurso de su administraci\u00f3n. <\/span><br \/>\n<span style=\"font-weight: 400;\">Los regidores del Partido de la Revoluci\u00f3n Democr\u00e1tica (PRD), han acusado en reiteradas ocasiones al coordinador del Programa de Fortalecimiento para la Seguridad (FORTASEG), Efra\u00edn Z\u00fa\u00f1iga Cort\u00e9s, por no aplicar ni transparentar los recursos econ\u00f3micos. <\/span><br \/>\n<span style=\"font-weight: 400;\">Ante ello, el alcalde priista se pronunci\u00f3 a favor de que los recursos p\u00fablicos sean auditados por las autoridades correspondientes y resalt\u00f3 que su gobierno no ha estado en contra de ning\u00fan proceso de evaluaci\u00f3n a alguno de los servidores p\u00fablicos. <\/span><br \/>\n<span style=\"font-weight: 400;\">\u00abLa sociedad merece que le digamos c\u00f3mo se est\u00e1n utilizando los recursos y tambi\u00e9n debemos de decir c\u00f3mo nos dejaron el ayuntamiento y eso tambi\u00e9n est\u00e1 en la cuenta p\u00fablica y en las auditor\u00edas que de manera permanente se hacen\u00bb, precis\u00f3 el edil. <\/span><br \/>\n<span style=\"font-weight: 400;\">En relaci\u00f3n a este tema, puntualiz\u00f3 que la administraci\u00f3n pasada que fue presidida por Mario Moreno Arcos, no ha comprobado el destino de algunos recursos ante los \u00f3rganos fiscalizadores, sin embargo, apunt\u00f3 que \u00abcuando se dejan deudas en un municipio, la ley da un plazo para comprobar, aun cuando se est\u00e9 fuera de su cargo\u00bb, resalt\u00f3. <\/span><br \/>\n<span style=\"font-weight: 400;\">-La situaci\u00f3n financiera que usted ha mencionado \u00bfes resultado de la administraci\u00f3n pasada?- \u00abYo creo que todo es parte, es normal en un proceso de la administraci\u00f3n, y la misma ley nos da elementos para poder juzgar en qu\u00e9 momento se hicieron las cosas y en qu\u00e9 momento no, yo no quiero juzgar cuando la ley todav\u00eda le da espacio de comprobaci\u00f3n a la administraci\u00f3n anterior\u00bb, concluy\u00f3 Leyva Mena.<\/span><br \/>\n&nbsp;<\/p>\n","protected":false},"excerpt":{"rendered":"<p>El alcalde de Chilpancingo, Marco Antonio Leyva Mena, confirm\u00f3 la existencia de \u00abdeudas\u00bb que no han sido comprobadas por la anterior administraci\u00f3n que presidi\u00f3 el tambi\u00e9n priista Mario Moreno Arcos.&hellip; <\/p>\n","protected":false},"author":1,"featured_media":0,"comment_status":"open","ping_status":"open","sticky":false,"template":"","format":"standard","meta":{"fifu_image_url":"","fifu_image_alt":"","footnotes":""},"categories":[13,8],"tags":[],"class_list":["post-2272","post","type-post","status-publish","format-standard","hentry","category-capital","category-featured"],"_links":{"self":[{"href":"https:\/\/www.interaccionnoticias.com.mx\/index.php?rest_route=\/wp\/v2\/posts\/2272","targetHints":{"allow":["GET"]}}],"collection":[{"href":"https:\/\/www.interaccionnoticias.com.mx\/index.php?rest_route=\/wp\/v2\/posts"}],"about":[{"href":"https:\/\/www.interaccionnoticias.com.mx\/index.php?rest_route=\/wp\/v2\/types\/post"}],"author":[{"embeddable":true,"href":"https:\/\/www.interaccionnoticias.com.mx\/index.php?rest_route=\/wp\/v2\/users\/1"}],"replies":[{"embeddable":true,"href":"https:\/\/www.interaccionnoticias.com.mx\/index.php?rest_route=%2Fwp%2Fv2%2Fcomments&post=2272"}],"version-history":[{"count":0,"href":"https:\/\/www.interaccionnoticias.com.mx\/index.php?rest_route=\/wp\/v2\/posts\/2272\/revisions"}],"wp:attachment":[{"href":"https:\/\/www.interaccionnoticias.com.mx\/index.php?rest_route=%2Fwp%2Fv2%2Fmedia&parent=2272"}],"wp:term":[{"taxonomy":"category","embeddable":true,"href":"https:\/\/www.interaccionnoticias.com.mx\/index.php?rest_route=%2Fwp%2Fv2%2Fcategories&post=2272"},{"taxonomy":"post_tag","embeddable":true,"href":"https:\/\/www.interaccionnoticias.com.mx\/index.php?rest_route=%2Fwp%2Fv2%2Ftags&post=2272"}],"curies":[{"name":"wp","href":"https:\/\/api.w.org\/{rel}","templated":true}]}}