{"id":2248,"date":"2017-02-21T14:21:21","date_gmt":"2017-02-21T20:21:21","guid":{"rendered":"http:\/\/www.inter-accion.com.mx\/?p=2248"},"modified":"2017-02-21T14:21:21","modified_gmt":"2017-02-21T20:21:21","slug":"del-70-porciento-el-dano-en-el-edificio-del-ex-ineban","status":"publish","type":"post","link":"https:\/\/www.interaccionnoticias.com.mx\/?p=2248","title":{"rendered":"Del 70 porciento, el da\u00f1o en el edificio del Ex Ineban"},"content":{"rendered":"<p>El titular de la Secretar\u00eda de Protecci\u00f3n Civil (PC) en Guerrero, Marco C\u00e9sar Mayares Salvador inform\u00f3 que las oficinas del ex INEBAN no presentan un da\u00f1o estructural, sin embargo, mantienen una afectaci\u00f3n del 70 por ciento en sus instalaciones, por falta de mantenimiento.&nbsp;<br \/>\nEl funcionario estatal, detall\u00f3 que hasta el momento han encontrado deterioro en esas oficinas centrales de la Secretar\u00eda de Educaci\u00f3n Guerrero (SEG), -que se ubican en la avenida Rufo Figueroa-, a causa de humedad y corrosi\u00f3n de los cimientos, sin que signifique una situaci\u00f3n alarmante.&nbsp;<br \/>\nDijo que la revisi\u00f3n t\u00e9cnica, echa a partir de que el inmueble fue liberado por maestros de la Coordinadora Estatal de Trabajadores de la Educaci\u00f3n en Guerrero (CETEG), -quienes lo ten\u00edan tomado desde abril del 2014-, permiti\u00f3 dar cuenta de da\u00f1os menores, como el desconchamiento de algunas lozas.&nbsp;<br \/>\n\u00abLas recomendaciones que emitimos nosotros, en materia de protecci\u00f3n civil en estos momentos en un dictamen&#8230; son recomendaciones, obviamente si nosotros percatamos&nbsp; que hay una situaci\u00f3n inminente de riesgo, realizamos otro tipo de procedimiento\u00bb, precis\u00f3.&nbsp;<br \/>\nIndic\u00f3 que las autoridades educativas tendr\u00e1n que dar a conocer cu\u00e1l ser\u00e1n las acciones que realizar\u00e1n en esas oficinas, adem\u00e1s del presupuesto que se ejercer\u00e1 para su remodelaci\u00f3n y el cumplimiento de las recomendaciones de PC.&nbsp;<br \/>\n\u00abSe va a trabajar en la fase de reparaci\u00f3n, yo entiendo que las autoridades educativas est\u00e1n trabajando y est\u00e1n presupuestando para poderle dar mantenimiento y solucionar las observaciones que se hicieron en materia de protecci\u00f3n civil\u00bb, concluy\u00f3 Mayares Salvador.&nbsp;<br \/>\nEl edificio fue tomado por los maestros de la CETEG en abril de 2014, durante el gobierno de \u00c1ngel Aguirre Rivero, como acto de protesta contra la reci\u00e9n promulgada Reforma Educativa.&nbsp;<br \/>\nEn octubre del a\u00f1o pasado fue liberada definitivamente, junto con el campamento que los maestros cetegistas manten\u00edan en la avenida Rufo Figueroa.<br \/>\n&nbsp;<\/p>\n","protected":false},"excerpt":{"rendered":"<p>El titular de la Secretar\u00eda de Protecci\u00f3n Civil (PC) en Guerrero, Marco C\u00e9sar Mayares Salvador inform\u00f3 que las oficinas del ex INEBAN no presentan un da\u00f1o estructural, sin embargo, mantienen&hellip; <\/p>\n","protected":false},"author":1,"featured_media":0,"comment_status":"open","ping_status":"open","sticky":false,"template":"","format":"standard","meta":{"fifu_image_url":"","fifu_image_alt":"","footnotes":""},"categories":[13,8],"tags":[],"class_list":["post-2248","post","type-post","status-publish","format-standard","hentry","category-capital","category-featured"],"_links":{"self":[{"href":"https:\/\/www.interaccionnoticias.com.mx\/index.php?rest_route=\/wp\/v2\/posts\/2248","targetHints":{"allow":["GET"]}}],"collection":[{"href":"https:\/\/www.interaccionnoticias.com.mx\/index.php?rest_route=\/wp\/v2\/posts"}],"about":[{"href":"https:\/\/www.interaccionnoticias.com.mx\/index.php?rest_route=\/wp\/v2\/types\/post"}],"author":[{"embeddable":true,"href":"https:\/\/www.interaccionnoticias.com.mx\/index.php?rest_route=\/wp\/v2\/users\/1"}],"replies":[{"embeddable":true,"href":"https:\/\/www.interaccionnoticias.com.mx\/index.php?rest_route=%2Fwp%2Fv2%2Fcomments&post=2248"}],"version-history":[{"count":0,"href":"https:\/\/www.interaccionnoticias.com.mx\/index.php?rest_route=\/wp\/v2\/posts\/2248\/revisions"}],"wp:attachment":[{"href":"https:\/\/www.interaccionnoticias.com.mx\/index.php?rest_route=%2Fwp%2Fv2%2Fmedia&parent=2248"}],"wp:term":[{"taxonomy":"category","embeddable":true,"href":"https:\/\/www.interaccionnoticias.com.mx\/index.php?rest_route=%2Fwp%2Fv2%2Fcategories&post=2248"},{"taxonomy":"post_tag","embeddable":true,"href":"https:\/\/www.interaccionnoticias.com.mx\/index.php?rest_route=%2Fwp%2Fv2%2Ftags&post=2248"}],"curies":[{"name":"wp","href":"https:\/\/api.w.org\/{rel}","templated":true}]}}