{"id":2243,"date":"2017-02-21T14:06:35","date_gmt":"2017-02-21T20:06:35","guid":{"rendered":"http:\/\/www.inter-accion.com.mx\/?p=2243"},"modified":"2017-02-21T14:06:35","modified_gmt":"2017-02-21T20:06:35","slug":"luego-de-20-anos-regresa-copa-internacional-de-motonautica","status":"publish","type":"post","link":"https:\/\/www.interaccionnoticias.com.mx\/?p=2243","title":{"rendered":"Luego de 20 a\u00f1os, regresa Copa Internacional de Moton\u00e1utica"},"content":{"rendered":"<p>Ser\u00e1n m\u00e1s de 60 competidos de S\u00faper Lanchas y Acuamotos<br \/>\nAcapulco, Gro.- Luego de 20 a\u00f1os de ausencia de la copa internacional de Moton\u00e1utica en Acapulco, regresa al puerto con la participaci\u00f3n de tres pa\u00edses y m\u00e1s de 60 competidores.<br \/>\nLo anterior fue anunciado por el titular de la Secretaria de Fomento Tur\u00edstico (SEFOTUR) Ernesto Rodr\u00edguez Escalona, quien anunci\u00f3 que luego de veinte a\u00f1os de ausencia, se realizar\u00e1 en la laguna de este destino tur\u00edstico la Copa Internacional de Moton\u00e1utica en Pie de la Cuesta.<br \/>\nDicho evento, explic\u00f3 Rodr\u00edguez Escalona, re\u00fane a m\u00e1s de 60 participantes en las categor\u00edas de Acuamotos y S\u00faper Lanchas, algunos provenientes de los estados de la Rep\u00fablica mexicana, Estados Unidos, Colombia y Per\u00fa.<br \/>\n\u201cTeniendo como marco la Laguna de Pie de la Cuesta, este es un evento de gran relevancia, que tiene como prop\u00f3sito que Acapulco se consolide como un destino diverso y moderno.<br \/>\n\u201cEste evento se hab\u00eda perdido por m\u00e1s de veinte a\u00f1os, hoy est\u00e1 aqu\u00ed y para nosotros es muy importante que tenga \u00e9xito para poderlo repetir cada a\u00f1o, que se haga en Acapulco, que se haga en Pie de la Cuesta\u201d, dijo en compa\u00f1\u00eda de los representantes de este deporte y de autoridades de turismo.<br \/>\nEl funcionario de la Sefotur, enfatiz\u00f3 al se\u00f1alar el apoyo por parte de los organizadores, que confiaron en Acapulco como destino para el desarrollo de lo que ser\u00e1 la primera fecha de este torneo.<br \/>\nTambi\u00e9n se\u00f1al\u00f3 que \u00e9ste eventos ponen el nombre de Pie de la Cuesta en alto y refrend\u00f3 su compromiso con prestadores de servicios tur\u00edsticos de la zona, para seguir impulsando actividades de gran renombre.<br \/>\n\u201cA los organizadores agradecerles much\u00edsimo su disposici\u00f3n, su cari\u00f1o con Acapulco, la excelente organizaci\u00f3n de este evento. Estamos seguros que va a ser todo un \u00e9xito este evento, naci\u00f3 bien y estoy seguro que va a ser todo un \u00e9xito\u201d.<br \/>\nEl director general de Moton\u00e1utica M\u00e9xico, Charles Large Gomezperalta explic\u00f3 que la Copa Internacional de Moton\u00e1utica en Pie de la Cuesta es la primera fecha del Circuito Nacional de Moton\u00e1utica.<br \/>\nAcapulco ser\u00e1 la sede en donde inician las actividades y en ese sentido expres\u00f3 todo su apoyo para el puerto.<br \/>\n\u201cQuiero agradecer a toda la gente de Guerrero, a toda la gente de Acapulco por recibirnos tan c\u00e1lidamente, nos hace sentir en casa.<br \/>\n\u201cAcapulco es nuestra casa y los que no hab\u00edamos venido en a\u00f1os fue un gran error, hay que estar viniendo a Acapulco\u201d, a\u00f1adi\u00f3.<br \/>\nLa informaci\u00f3n disponible indica que, el s\u00e1bado 25 se realizar\u00e1n las carreras de acuamotos para las categor\u00edas Serie 150, Limited, Gran Premio y F1, en donde los pilotos recorrer\u00e1n tres carreras de cinco vueltas cada una, en un circuito que marca vueltas a la izquierda y derecha, es decir, en zigzag.<br \/>\nMientras que para el domingo 26, se realizar\u00e1n carreras de S\u00faper Lanchas en la categor\u00eda de Turbinas, F\u00f3rmula 3000 y F\u00f3rmula Ilimitada.<br \/>\nCabe mencionar que el evento es totalmente gratuito y podr\u00e1 ser disfrutado de cualquiera de los restaurantes de la zona o del \u00e1rea del faro.<br \/>\nA la conferencia asisti\u00f3 el campe\u00f3n mundial de moton\u00e1utica, Mele Bahena L\u00f3pez; el subsecretario de Turismo, No\u00e9 Peralta; el subsecretario de Promoci\u00f3n de la Sefotur, Jes\u00fas Radilla Calder\u00f3n y el titular del Fidetur, Abraham Garay.<\/p>\n","protected":false},"excerpt":{"rendered":"<p>Ser\u00e1n m\u00e1s de 60 competidos de S\u00faper Lanchas y Acuamotos Acapulco, Gro.- Luego de 20 a\u00f1os de ausencia de la copa internacional de Moton\u00e1utica en Acapulco, regresa al puerto con&hellip; <\/p>\n","protected":false},"author":1,"featured_media":0,"comment_status":"open","ping_status":"open","sticky":false,"template":"","format":"standard","meta":{"fifu_image_url":"","fifu_image_alt":"","footnotes":""},"categories":[8,23],"tags":[],"class_list":["post-2243","post","type-post","status-publish","format-standard","hentry","category-featured","category-regionales"],"_links":{"self":[{"href":"https:\/\/www.interaccionnoticias.com.mx\/index.php?rest_route=\/wp\/v2\/posts\/2243","targetHints":{"allow":["GET"]}}],"collection":[{"href":"https:\/\/www.interaccionnoticias.com.mx\/index.php?rest_route=\/wp\/v2\/posts"}],"about":[{"href":"https:\/\/www.interaccionnoticias.com.mx\/index.php?rest_route=\/wp\/v2\/types\/post"}],"author":[{"embeddable":true,"href":"https:\/\/www.interaccionnoticias.com.mx\/index.php?rest_route=\/wp\/v2\/users\/1"}],"replies":[{"embeddable":true,"href":"https:\/\/www.interaccionnoticias.com.mx\/index.php?rest_route=%2Fwp%2Fv2%2Fcomments&post=2243"}],"version-history":[{"count":0,"href":"https:\/\/www.interaccionnoticias.com.mx\/index.php?rest_route=\/wp\/v2\/posts\/2243\/revisions"}],"wp:attachment":[{"href":"https:\/\/www.interaccionnoticias.com.mx\/index.php?rest_route=%2Fwp%2Fv2%2Fmedia&parent=2243"}],"wp:term":[{"taxonomy":"category","embeddable":true,"href":"https:\/\/www.interaccionnoticias.com.mx\/index.php?rest_route=%2Fwp%2Fv2%2Fcategories&post=2243"},{"taxonomy":"post_tag","embeddable":true,"href":"https:\/\/www.interaccionnoticias.com.mx\/index.php?rest_route=%2Fwp%2Fv2%2Ftags&post=2243"}],"curies":[{"name":"wp","href":"https:\/\/api.w.org\/{rel}","templated":true}]}}