{"id":2226,"date":"2017-02-20T18:47:27","date_gmt":"2017-02-21T00:47:27","guid":{"rendered":"http:\/\/www.inter-accion.com.mx\/?p=2226"},"modified":"2017-02-20T18:47:27","modified_gmt":"2017-02-21T00:47:27","slug":"choque-y-volcadura-en-tecpan-de-galeana","status":"publish","type":"post","link":"https:\/\/www.interaccionnoticias.com.mx\/?p=2226","title":{"rendered":"Choque y volcadura en Tecpan de Galeana"},"content":{"rendered":"<p>*Los hechos dejaron siete heridos<br \/>\n*Tres permanecen hospitalizados<br \/>\nAcapulco, Gro.- Siete personas lesionados, es el saldo que arroj\u00f3 un choque y volcadura de un autob\u00fas y un veh\u00edculo particular, sobre la carretera federal Acapulco-Zihuatanejo en el poblado de San Luis San Pedro, municipio de Tecpan de Galeana.<br \/>\nEl accidente ocurri\u00f3 aproximadamente a las 14:45 horas, de acuerdo con el reporte del 911 alert\u00f3 personal de la Secretar\u00eda de Protecci\u00f3n Civil Guerrero, se report\u00f3 el choque y volcadura de un autob\u00fas de la empresa \u201cCosta Line\u201d.<br \/>\nDe acuerdo al informe preliminar se detalla que como resultado del percance resultaron heridas siete personas, cuatro de las cuales se les diagn\u00f3stico de tercera prioridad y las tres restantes en segundo nivel de emergencia para su atenci\u00f3n.<br \/>\nEn auxilio de las v\u00edctimas se movilizaron las unidades de rescate de la dependencia estatal y del municipio que se encuentra ubicada en Atoyac de \u00c1lvarez, acompa\u00f1ados por personal de los servicios de emergencia del municipio de Tecpan de Galeana<br \/>\nEn el lugar del choque y volcadura se encontr\u00f3 un autob\u00fas, perteneciente a la empresa \u201cCosta Line\u201d, con placas 897-HS del Servicio P\u00fablico; y un veh\u00edculo de la marca Nissan tipo Tida, color gris, con placas de circulaci\u00f3n HCX-126 de Guerrero.<br \/>\nEl autob\u00fas ven\u00eda procedente de L\u00e1zaro C\u00e1rdenas, Michoac\u00e1n con destino al municipio de Acapulco, a bordo viajaban 30 pasajeros de los cuales cinco resultaron lesionados, incluyendo al conductor.<br \/>\nLos otros dos lesionados viajaban en el auto particular.<br \/>\nSe precisa, en el reporte de las autoridades que debido al nivel de sus heridas, s\u00f3lo tres personas ameritaron traslado a un hospital m\u00e1s cercano, para una revaloraci\u00f3n y atenci\u00f3n m\u00e9dica indicada.<br \/>\nLos otros lesionados, no requirieron hospitalizaci\u00f3n.<\/p>\n","protected":false},"excerpt":{"rendered":"<p>*Los hechos dejaron siete heridos *Tres permanecen hospitalizados Acapulco, Gro.- Siete personas lesionados, es el saldo que arroj\u00f3 un choque y volcadura de un autob\u00fas y un veh\u00edculo particular, sobre&hellip; <\/p>\n","protected":false},"author":1,"featured_media":0,"comment_status":"open","ping_status":"open","sticky":false,"template":"","format":"standard","meta":{"fifu_image_url":"","fifu_image_alt":"","footnotes":""},"categories":[8,23],"tags":[],"class_list":["post-2226","post","type-post","status-publish","format-standard","hentry","category-featured","category-regionales"],"_links":{"self":[{"href":"https:\/\/www.interaccionnoticias.com.mx\/index.php?rest_route=\/wp\/v2\/posts\/2226","targetHints":{"allow":["GET"]}}],"collection":[{"href":"https:\/\/www.interaccionnoticias.com.mx\/index.php?rest_route=\/wp\/v2\/posts"}],"about":[{"href":"https:\/\/www.interaccionnoticias.com.mx\/index.php?rest_route=\/wp\/v2\/types\/post"}],"author":[{"embeddable":true,"href":"https:\/\/www.interaccionnoticias.com.mx\/index.php?rest_route=\/wp\/v2\/users\/1"}],"replies":[{"embeddable":true,"href":"https:\/\/www.interaccionnoticias.com.mx\/index.php?rest_route=%2Fwp%2Fv2%2Fcomments&post=2226"}],"version-history":[{"count":0,"href":"https:\/\/www.interaccionnoticias.com.mx\/index.php?rest_route=\/wp\/v2\/posts\/2226\/revisions"}],"wp:attachment":[{"href":"https:\/\/www.interaccionnoticias.com.mx\/index.php?rest_route=%2Fwp%2Fv2%2Fmedia&parent=2226"}],"wp:term":[{"taxonomy":"category","embeddable":true,"href":"https:\/\/www.interaccionnoticias.com.mx\/index.php?rest_route=%2Fwp%2Fv2%2Fcategories&post=2226"},{"taxonomy":"post_tag","embeddable":true,"href":"https:\/\/www.interaccionnoticias.com.mx\/index.php?rest_route=%2Fwp%2Fv2%2Ftags&post=2226"}],"curies":[{"name":"wp","href":"https:\/\/api.w.org\/{rel}","templated":true}]}}