{"id":2223,"date":"2017-02-20T18:37:45","date_gmt":"2017-02-21T00:37:45","guid":{"rendered":"http:\/\/www.inter-accion.com.mx\/?p=2223"},"modified":"2017-02-20T18:37:45","modified_gmt":"2017-02-21T00:37:45","slug":"al-menos-20-grupos-del-crimen-los-responsables-de-la-violencia-en-guerrero-2","status":"publish","type":"post","link":"https:\/\/www.interaccionnoticias.com.mx\/?p=2223","title":{"rendered":"Al menos 20 grupos del crimen, los responsables de la violencia en Guerrero"},"content":{"rendered":"<p><span style=\"font-weight: 400;\">El Comandante de la IX Regi\u00f3n Militar, Germ\u00e1n Javier Jim\u00e9nez Mendoza &nbsp;sostuvo que son \u201cm\u00e1s de diez y menos de 20\u201d, los grupos del crimen que generan la violencia en las siete regiones de la entidad.<\/span><br \/>\n<span style=\"font-weight: 400;\">En las instalaciones de la 35 Zona Militar, el general de divisi\u00f3n sostuvo que de acuerdo con diferentes evaluaciones, la fragmentaci\u00f3n que registran los grupos del crimen organizado es la causa de muchas muertes, ya que al separarse; los \u201cgrup\u00fasculos\u201d pelean entre s\u00ed para quedarse con el control de un \u00e1rea determinada, lo que propicia las confrontaciones.<\/span><br \/>\n<span style=\"font-weight: 400;\">Coincidi\u00f3 con quienes sostienen que en Guerrero no existen grandes c\u00e1rteles, sino peque\u00f1as organizaciones que en aras de generar terror entre sus oponentes, cada vez act\u00faan con m\u00e1s violencia. &nbsp;&nbsp;&nbsp;&nbsp;&nbsp;&nbsp;&nbsp;<\/span><br \/>\n<span style=\"font-weight: 400;\">Cuestionado sobre la cantidad de organizaciones delictivas que generan agitaci\u00f3n social en Guerrero, el comandante de la IX Regi\u00f3n Militar sostuvo que son m\u00e1s de 10 y menos de 20, no abund\u00f3 m\u00e1s con el argumento de que hacer referencia a un n\u00famero en espec\u00edfico es abonar a que haya pol\u00e9mica.<\/span><br \/>\n<span style=\"font-weight: 400;\">No quiso hablar en torno a los v\u00ednculos que representantes de la clase pol\u00edtica llegan a tener con una o m\u00e1s organizaciones delictivas, aunque s\u00ed refiri\u00f3 que la colaboraci\u00f3n con los gobiernos del estado y municipios ha sido muy positiva.<\/span><br \/>\n&nbsp;<\/p>\n","protected":false},"excerpt":{"rendered":"<p>El Comandante de la IX Regi\u00f3n Militar, Germ\u00e1n Javier Jim\u00e9nez Mendoza &nbsp;sostuvo que son \u201cm\u00e1s de diez y menos de 20\u201d, los grupos del crimen que generan la violencia en&hellip; <\/p>\n","protected":false},"author":1,"featured_media":0,"comment_status":"open","ping_status":"open","sticky":false,"template":"","format":"standard","meta":{"fifu_image_url":"","fifu_image_alt":"","footnotes":""},"categories":[8,11],"tags":[],"class_list":["post-2223","post","type-post","status-publish","format-standard","hentry","category-featured","category-guerrero"],"_links":{"self":[{"href":"https:\/\/www.interaccionnoticias.com.mx\/index.php?rest_route=\/wp\/v2\/posts\/2223","targetHints":{"allow":["GET"]}}],"collection":[{"href":"https:\/\/www.interaccionnoticias.com.mx\/index.php?rest_route=\/wp\/v2\/posts"}],"about":[{"href":"https:\/\/www.interaccionnoticias.com.mx\/index.php?rest_route=\/wp\/v2\/types\/post"}],"author":[{"embeddable":true,"href":"https:\/\/www.interaccionnoticias.com.mx\/index.php?rest_route=\/wp\/v2\/users\/1"}],"replies":[{"embeddable":true,"href":"https:\/\/www.interaccionnoticias.com.mx\/index.php?rest_route=%2Fwp%2Fv2%2Fcomments&post=2223"}],"version-history":[{"count":0,"href":"https:\/\/www.interaccionnoticias.com.mx\/index.php?rest_route=\/wp\/v2\/posts\/2223\/revisions"}],"wp:attachment":[{"href":"https:\/\/www.interaccionnoticias.com.mx\/index.php?rest_route=%2Fwp%2Fv2%2Fmedia&parent=2223"}],"wp:term":[{"taxonomy":"category","embeddable":true,"href":"https:\/\/www.interaccionnoticias.com.mx\/index.php?rest_route=%2Fwp%2Fv2%2Fcategories&post=2223"},{"taxonomy":"post_tag","embeddable":true,"href":"https:\/\/www.interaccionnoticias.com.mx\/index.php?rest_route=%2Fwp%2Fv2%2Ftags&post=2223"}],"curies":[{"name":"wp","href":"https:\/\/api.w.org\/{rel}","templated":true}]}}