{"id":2205,"date":"2017-02-19T21:11:17","date_gmt":"2017-02-20T03:11:17","guid":{"rendered":"http:\/\/www.inter-accion.com.mx\/?p=2205"},"modified":"2017-02-19T21:11:17","modified_gmt":"2017-02-20T03:11:17","slug":"confirman-operativo-para-reiniciar-clases-en-san-miguel-totolapan","status":"publish","type":"post","link":"https:\/\/www.interaccionnoticias.com.mx\/?p=2205","title":{"rendered":"Confirman operativo para reiniciar clases en San Miguel Totolapan"},"content":{"rendered":"<p>Esta semana, el despliegue para&nbsp;re apertura de 32 escuelas<br \/>\nEste domingo, el comandante de la IX Regi\u00f3n Militar, Germ\u00e1n Javier Jim\u00e9nez Mendoza, as\u00ed como los secretarios de Seguridad P\u00fablica y de Educaci\u00f3n de Guerrero confirmaron, Pedro Almaz\u00e1n Cervantes y Jos\u00e9 Luis Gonz\u00e1lez de la Vega Otero confirmaron &nbsp;la puesta en marcha de un operativo que permitir\u00e1 reanudar clases en 32 escuelas de San Miguel Totolapan.<br \/>\nEn un primer instante, el responsable del sector educativo en la entidad, Jos\u00e9 Luis Gonz\u00e1lez de la Vega se\u00f1al\u00f3 que la ma\u00f1ana del 19 de febrero, el gobernador H\u00e9ctor Astudillo Flores le dio indicaciones junto al secretario de Seguridad P\u00fablica, para que en la semana que inicia hagan acto de presencia en el municipio de referencia.<br \/>\nIndic\u00f3 que la reapertura de las escuelas, de alguna manera est\u00e1 relacionada al planteamiento de que se detenga al secuestrador apodado como \u201cEl Tequilero\u201d, por lo que se reconoce que hay resultados en la estrategia implementada por el gobierno estatal y federal, que han logrado la captura de personas y el aseguramiento de armas.<br \/>\nEn los primeros d\u00edas de esta semana, dijo que de primera instancia se garantizar\u00e1 la seguridad para los profesores, despu\u00e9s se dialogar\u00e1 sobre el esquema acad\u00e9mico que se utilizar\u00e1 para recuperar el tiempo perdido.<br \/>\nAdmiti\u00f3 que son cosas in\u00e9ditas, sin embargo, refiri\u00f3 que se deben enfrentar con una estrategia bien definida, para que ninguna determinaci\u00f3n resulte contraproducente.<br \/>\nEn otro momento, el general de divisi\u00f3n, Pedro Almaz\u00e1n Cervantes manifest\u00f3 que ya existe personal desplegado en la cabecera y comunidades de San Miguel, aunque reconoci\u00f3 que todav\u00eda prevalecen algunos problemas.<br \/>\nSin manejar n\u00famero, destac\u00f3 que habr\u00e1 personal suficiente para garantizar el resguardo de los profesores que son reclamados en por lo menos 32 escuelas.<br \/>\nEl operativo tambi\u00e9n fue confirmado por el general Germ\u00e1n Javier Jim\u00e9nez Mendoza, comandante de la IX Regi\u00f3n Militar, quien destac\u00f3 que hay disposici\u00f3n de las fuerzas armadas para que los profesores regresen a laborar en un contexto de certeza en torno a su seguridad.<br \/>\nExplic\u00f3 que en las inmediaciones de San Miguel ya existe un despliegue importante de personal, aunque se ha tenido el cuidado de realizar un trabajo discreto pero contundente, principalmente en lo que se refiere a la contenci\u00f3n de las actividades il\u00edcitas desplegadas por la delincuencia en la zona.<\/p>\n","protected":false},"excerpt":{"rendered":"<p>Esta semana, el despliegue para&nbsp;re apertura de 32 escuelas Este domingo, el comandante de la IX Regi\u00f3n Militar, Germ\u00e1n Javier Jim\u00e9nez Mendoza, as\u00ed como los secretarios de Seguridad P\u00fablica y&hellip; <\/p>\n","protected":false},"author":1,"featured_media":0,"comment_status":"open","ping_status":"open","sticky":false,"template":"","format":"standard","meta":{"fifu_image_url":"","fifu_image_alt":"","footnotes":""},"categories":[6,8],"tags":[],"class_list":["post-2205","post","type-post","status-publish","format-standard","hentry","category-educacion","category-featured"],"_links":{"self":[{"href":"https:\/\/www.interaccionnoticias.com.mx\/index.php?rest_route=\/wp\/v2\/posts\/2205","targetHints":{"allow":["GET"]}}],"collection":[{"href":"https:\/\/www.interaccionnoticias.com.mx\/index.php?rest_route=\/wp\/v2\/posts"}],"about":[{"href":"https:\/\/www.interaccionnoticias.com.mx\/index.php?rest_route=\/wp\/v2\/types\/post"}],"author":[{"embeddable":true,"href":"https:\/\/www.interaccionnoticias.com.mx\/index.php?rest_route=\/wp\/v2\/users\/1"}],"replies":[{"embeddable":true,"href":"https:\/\/www.interaccionnoticias.com.mx\/index.php?rest_route=%2Fwp%2Fv2%2Fcomments&post=2205"}],"version-history":[{"count":0,"href":"https:\/\/www.interaccionnoticias.com.mx\/index.php?rest_route=\/wp\/v2\/posts\/2205\/revisions"}],"wp:attachment":[{"href":"https:\/\/www.interaccionnoticias.com.mx\/index.php?rest_route=%2Fwp%2Fv2%2Fmedia&parent=2205"}],"wp:term":[{"taxonomy":"category","embeddable":true,"href":"https:\/\/www.interaccionnoticias.com.mx\/index.php?rest_route=%2Fwp%2Fv2%2Fcategories&post=2205"},{"taxonomy":"post_tag","embeddable":true,"href":"https:\/\/www.interaccionnoticias.com.mx\/index.php?rest_route=%2Fwp%2Fv2%2Ftags&post=2205"}],"curies":[{"name":"wp","href":"https:\/\/api.w.org\/{rel}","templated":true}]}}