{"id":2195,"date":"2017-02-19T20:35:49","date_gmt":"2017-02-20T02:35:49","guid":{"rendered":"http:\/\/www.inter-accion.com.mx\/?p=2195"},"modified":"2017-02-19T20:35:49","modified_gmt":"2017-02-20T02:35:49","slug":"ajustes-de-cuentas-los-ataques-a-casas-habitacion-del-fin-de-semana-en-chilpancingo","status":"publish","type":"post","link":"https:\/\/www.interaccionnoticias.com.mx\/?p=2195","title":{"rendered":"Ajustes de cuentas, los ataques a casas-habitaci\u00f3n del fin de semana en Chilpancingo"},"content":{"rendered":"<p>El presidente municipal de Chilpancingo, Marco Antonio Leyva Mena sostuvo que los ataques registrados en casas habitaci\u00f3n durante el fin de semana son consecuencia de la pugna entre grupos del crimen organizado.<br \/>\nLa madrugada del s\u00e1bado, en diferentes puntos de la ciudad se registraron ataques armados, la polic\u00eda no report\u00f3 la detenci\u00f3n de agresor en ninguno de los casos.<br \/>\nEl domingo por la ma\u00f1ana, el alcalde Leyva Mena fue cuestionado sobre los hechos, mismo que reconoci\u00f3, generaron mucha expectaci\u00f3n entre la poblaci\u00f3n.<br \/>\n\u201cDebemos tener muy en cuenta que ese tipo de acciones, sin meterme a mayor profundidad se presume que por la manera de operar, son ajustes de cuentas entre grupos delincuenciales\u201d, asever\u00f3.<br \/>\nSin embargo, dijo que para evitar incurrir en errores es mejor esperar a que la Fiscal\u00eda General del Estado (FGE) emita el resultado de una investigaci\u00f3n, para en su momento emitir un juicio ya con mayores elementos.<br \/>\nRefiri\u00f3 que la administraci\u00f3n municipal est\u00e1 abocada a trabajar en el \u00e1mbito de la prevenci\u00f3n del delito, para que con el apoyo de los comit\u00e9s vecinales se tenga una mayor capacidad de reacci\u00f3n.<br \/>\nEl primer edil habl\u00f3 tambi\u00e9n en torno al seguimiento que hay en el caso de 24 elementos de la Polic\u00eda Preventiva que causaron baja, a partir de que no pasaron los ex\u00e1menes de control y confianza.<br \/>\nExplic\u00f3 que diez optaron por ir al juicio laboral, por lo que ser\u00e1 inevitable encontrarse con ellos en los tribunales, en tanto que 14 son objeto de una revaloraci\u00f3n, ya que los que no tengan problemas de adicciones ser\u00e1n reubicados en diferentes \u00e1reas del ayuntamiento, entre ellas Protecci\u00f3n Civil.<br \/>\nReiter\u00f3 que la baja fue consecuencia de la aplicaci\u00f3n de la norma federal, de tal suerte que para su administraci\u00f3n no hubo m\u00e1s opci\u00f3n que acatar.<\/p>\n","protected":false},"excerpt":{"rendered":"<p>El presidente municipal de Chilpancingo, Marco Antonio Leyva Mena sostuvo que los ataques registrados en casas habitaci\u00f3n durante el fin de semana son consecuencia de la pugna entre grupos del&hellip; <\/p>\n","protected":false},"author":1,"featured_media":0,"comment_status":"open","ping_status":"open","sticky":false,"template":"","format":"standard","meta":{"fifu_image_url":"","fifu_image_alt":"","footnotes":""},"categories":[13,8],"tags":[],"class_list":["post-2195","post","type-post","status-publish","format-standard","hentry","category-capital","category-featured"],"_links":{"self":[{"href":"https:\/\/www.interaccionnoticias.com.mx\/index.php?rest_route=\/wp\/v2\/posts\/2195","targetHints":{"allow":["GET"]}}],"collection":[{"href":"https:\/\/www.interaccionnoticias.com.mx\/index.php?rest_route=\/wp\/v2\/posts"}],"about":[{"href":"https:\/\/www.interaccionnoticias.com.mx\/index.php?rest_route=\/wp\/v2\/types\/post"}],"author":[{"embeddable":true,"href":"https:\/\/www.interaccionnoticias.com.mx\/index.php?rest_route=\/wp\/v2\/users\/1"}],"replies":[{"embeddable":true,"href":"https:\/\/www.interaccionnoticias.com.mx\/index.php?rest_route=%2Fwp%2Fv2%2Fcomments&post=2195"}],"version-history":[{"count":0,"href":"https:\/\/www.interaccionnoticias.com.mx\/index.php?rest_route=\/wp\/v2\/posts\/2195\/revisions"}],"wp:attachment":[{"href":"https:\/\/www.interaccionnoticias.com.mx\/index.php?rest_route=%2Fwp%2Fv2%2Fmedia&parent=2195"}],"wp:term":[{"taxonomy":"category","embeddable":true,"href":"https:\/\/www.interaccionnoticias.com.mx\/index.php?rest_route=%2Fwp%2Fv2%2Fcategories&post=2195"},{"taxonomy":"post_tag","embeddable":true,"href":"https:\/\/www.interaccionnoticias.com.mx\/index.php?rest_route=%2Fwp%2Fv2%2Ftags&post=2195"}],"curies":[{"name":"wp","href":"https:\/\/api.w.org\/{rel}","templated":true}]}}