{"id":2166,"date":"2017-02-16T19:53:51","date_gmt":"2017-02-17T01:53:51","guid":{"rendered":"http:\/\/www.inter-accion.com.mx\/?p=2166"},"modified":"2017-02-16T19:53:51","modified_gmt":"2017-02-17T01:53:51","slug":"mirada-interior-2","status":"publish","type":"post","link":"https:\/\/www.interaccionnoticias.com.mx\/?p=2166","title":{"rendered":"Mirada interior"},"content":{"rendered":"<p>Siete plagas sobre Chilpancingo<br \/>\nLa fiesta de la palabra<br \/>\nLa m\u00fasica de Guerrero<br \/>\n&nbsp;<br \/>\nPOR: ISAIAS ALANIS<br \/>\n&nbsp;La capital de Guerrero se encuentra en un nivel muy bajo con respecto capitales y ciudades medias del pa\u00eds. Su crecimiento an\u00e1rquico lo ha favorecido.<br \/>\nEn pobreza extrema el Coneval, lo sit\u00faa con un 53%. Carece de servicios y equipamiento urbano, los que existen son deficientes. El r\u00edo Huacapa es un contaminante permanente, por la deforestaci\u00f3n disminuyen zonas h\u00eddricas, efecto nocivo para suministro de agua.<br \/>\nLos pueblos santos sobreviven como hace cincuenta a\u00f1os. Colonias y centros urbanos, igual.<br \/>\nEl pueblo monta\u00f1\u00e9s perdi\u00f3 su vocaci\u00f3n buc\u00f3lica con la deforestaci\u00f3n de sus bosques y los nuevos asentamientos que como una pandemia se ubicaron en barrancas, cauces de arroyos, lomer\u00edos y sobre arenas expansivas.<br \/>\nLo platicamos largamente con don Alex Cervantes, casi siempre termin\u00e1bamos con la consigna de que hab\u00eda que hacer algo de gran calado en Chilpancingo.<br \/>\nDurante la d\u00e9cada de los cincuentas se preferenci\u00f3 Acapulco, que tampoco tiene un desarrollo urbano riguroso. Acapulco es otro universo que gravita entre las zonas VIP y cientos de colonias semejantes a favelas brasile\u00f1as.<br \/>\n&nbsp;Los gobiernos estatales y municipales no han agarrado al toro por los cuernos. Obras de mala calidad, asentamientos sobre laderas, otorgamiento de cambio de uso de suelo en zonas no aptas para la vivienda humana.<br \/>\n\u201cIngrid y Manuel\u201d, sacaron a flote los graves errores urban\u00edsticos que se cometieron y se siguen propiciando en Chilpancingo.<br \/>\nY como si esto no fuera suficiente como para que los tres niveles de gobierno metan las manos a la voz de ya. El remozamiento de la Autopista del Sol que cruza Chilpancingo, obra del gobierno federal y que por los hechos de Ayotzinapa nunca pudo inaugurar EPN. Durante a\u00f1os fue un peligro, ahora han disminuido los accidentes viales en ese tramo que va de Tierras Prietas al Parador del Marqu\u00e9s.<br \/>\n&nbsp;En lo que va del a\u00f1o 2017, las Siete Plagas le han ca\u00eddo a la capital del estado mas pobre de M\u00e9xico; violencia, basura, contaminaci\u00f3n, escasez de agua, ineficiencia, corrupci\u00f3n y humo. Esta ma\u00f1ana de mi\u00e9rcoles mientras escribo, una cortina de humo invadi\u00f3 mi casa, me hizo llorar los ojos y carraspear. &nbsp;<br \/>\n\u00bfNo basta con padecer violencia extrema, contaminaci\u00f3n permanente por el Huacapa, escasez de agua, obras mal hechas, corrupci\u00f3n imparable en la alcald\u00eda y la s\u00e9ptima plaga, el humo. \u00bfQu\u00e9 vamos hacer por Chilpancingo?<br \/>\n&nbsp;<br \/>\nFIESTA DE LA PALABRA<br \/>\n&nbsp;Desde que la palabra nos invent\u00f3, y naci\u00f3 el lenguaje hablado y despu\u00e9s el escrito, ha sido la palabra hablada la reina de las civilizaciones. La Il\u00edada se cantaba y narraba. El Popol Vuh y la Leyenda de los Soles, antes de transcribirse a caracteres, se transmitieron por tradici\u00f3n oral. En paralelo, nacieron los libros, de eso me ocupar\u00e9 en otro momento.<br \/>\nHasta que Guillermo Marconi invent\u00f3 la radio y la radiotelegraf\u00eda sin hilos.<br \/>\nEl mundo dio un viraje. La masificaci\u00f3n comenz\u00f3. Los nazis la utilizaron para alterar la conciencia alemana y extender un racismo ario.<br \/>\nOrson Wells, conmocion\u00f3 a Estados Unidos con la narraci\u00f3n por radio de la invasi\u00f3n marciana de GH Wells.<br \/>\nEn el M\u00e9xico de los a\u00f1os treinta, la XEW fue un motor nacional y escuela para muchos. Las aventuras de Chucho el Roto, de Carlos Lacroix: aquella cortinilla: \u201cCuidado Carlos, dispare Margot\u201d, ilumin\u00f3 la imaginaci\u00f3n de millones de mexicanos.<br \/>\nHoy la radio, a pesar de los medios electr\u00f3nicos, es un espacio de libertad con amplio espectro de audiencia.<br \/>\n&nbsp;Es muy gratificante, para los que la utilizamos como medio para formar opini\u00f3n, que la UNESCO, haya declarado al 13 de febrero d\u00eda mundial de la radio.<br \/>\nLa directora General, Irina Bokova afirm\u00f3: \u201cante una emergencia, la radio suele ser el primer medio de supervivencia. Su permanencia constituye una ventaja incomparable, ya que a menudo le permite resistir las crisis mejor y con m\u00e1s rapidez que otros medios de comunicaci\u00f3n y transmitir mensajes de protecci\u00f3n y prevenci\u00f3n a una audiencia numerosa, salvando as\u00ed vidas\u201d.<br \/>\nGuerrero es un estado que carece de v\u00edas de comunicaci\u00f3n terrestre, se podr\u00eda crear una red de radio utilizando las tecnolog\u00edas modernas, para situaciones de emergencia; temblores, inundaciones, pandemias, derrumbes y&nbsp; ataques armados que permitir\u00edan salvar vidas humanas.<br \/>\nY celebrar el d\u00eda mundial de la radio, con Federico, Juan Jos\u00e9, Rogelio Agust\u00edn, V\u00edctor Wences y todos los colegas que informan por radio. A reporteros y t\u00e9cnicos que hacen posible que el mensaje llegue a miles de seres, y como lo explica Irina Bokova, \u201cla radi\u00f3 en tiempos de desastres y emergencias\u201d, es un veh\u00edculo de primer orden para salvar vidas. Guerrero lo vivi\u00f3 con \u201cIngrid y Manuel\u201d.<br \/>\nY celebrar la fiesta de la palabra informando con veracidad, libertad y sentido social.<br \/>\nY hacer nuestro el aforismo de Jorge Cuesta: \u201cDe otro fue la palabra antes que m\u00eda\u201d.<br \/>\n&nbsp;DE REOJO<br \/>\n&nbsp;Erika Estrada a trav\u00e9s de Asociaci\u00f3n Cultural y Art\u00edstica de Acapulco A.C., baj\u00f3 3 millones de pesos para el rescate de la m\u00fasica tradicional de Guerrero.<br \/>\nEste tecleador ha escrito, sin apoyo oficial los siguientes libros: \u201cDon Juan Reynoso un Violinista de Tierra Caliente\u201d; \u201cJuan Reynoso en tres tiempos\u201d; publicado por la Secultura de Michoac\u00e1n; \u201cLa m\u00fasica de Guerrero del surco a la Guitarra, conjuro y memorial\u201d;&nbsp; y sin publicarse: \u201cJos\u00e9 Solano, un trovador de la sierra\u201d; \u201cEl tri\u00e1ngulo del son y una \u00ednsula extra\u00f1a, Coahuayutla\u201d; y ya casi listos, los tres vol\u00famenes de la M\u00fasica de Guerrero, as\u00ed como una decena de art\u00edculos en revistas especializadas. Con 3 melones termino la Historia General de la M\u00fasica de Guerrero. \u00bfErika cuantas tamboritas compr\u00f3? Ha sido puntual el deslinde de la Secultura del destino de esos dineros y en que se invirtieron.<br \/>\nMis libros publicados, se agotaron y son demandados por expertos en m\u00fasica tradicional de Am\u00e9rica Latina, Estados Unidos y Espa\u00f1a. Despu\u00e9s de mi libro; \u201cLa M\u00fasica de Guerrero\u201d, los estudiosos tuvieron mayores elementos para analizar y estudiar la m\u00fasica tradicional del estado. Tengo seis libros sobre la m\u00fasica de Guerrero a la espera de ser publicados con portadas de los pintores Leonel Maciel y del calentano Alejandro Aranda.<br \/>\n\u00a1!Que paradoja\u00a1\u00a1<br \/>\n&nbsp;<br \/>\n&nbsp;<\/p>\n","protected":false},"excerpt":{"rendered":"<p>Siete plagas sobre Chilpancingo La fiesta de la palabra La m\u00fasica de Guerrero &nbsp; POR: ISAIAS ALANIS &nbsp;La capital de Guerrero se encuentra en un nivel muy bajo con respecto&hellip; <\/p>\n","protected":false},"author":1,"featured_media":0,"comment_status":"open","ping_status":"open","sticky":false,"template":"","format":"standard","meta":{"fifu_image_url":"","fifu_image_alt":"","footnotes":""},"categories":[16],"tags":[],"class_list":["post-2166","post","type-post","status-publish","format-standard","hentry","category-opinion"],"_links":{"self":[{"href":"https:\/\/www.interaccionnoticias.com.mx\/index.php?rest_route=\/wp\/v2\/posts\/2166","targetHints":{"allow":["GET"]}}],"collection":[{"href":"https:\/\/www.interaccionnoticias.com.mx\/index.php?rest_route=\/wp\/v2\/posts"}],"about":[{"href":"https:\/\/www.interaccionnoticias.com.mx\/index.php?rest_route=\/wp\/v2\/types\/post"}],"author":[{"embeddable":true,"href":"https:\/\/www.interaccionnoticias.com.mx\/index.php?rest_route=\/wp\/v2\/users\/1"}],"replies":[{"embeddable":true,"href":"https:\/\/www.interaccionnoticias.com.mx\/index.php?rest_route=%2Fwp%2Fv2%2Fcomments&post=2166"}],"version-history":[{"count":0,"href":"https:\/\/www.interaccionnoticias.com.mx\/index.php?rest_route=\/wp\/v2\/posts\/2166\/revisions"}],"wp:attachment":[{"href":"https:\/\/www.interaccionnoticias.com.mx\/index.php?rest_route=%2Fwp%2Fv2%2Fmedia&parent=2166"}],"wp:term":[{"taxonomy":"category","embeddable":true,"href":"https:\/\/www.interaccionnoticias.com.mx\/index.php?rest_route=%2Fwp%2Fv2%2Fcategories&post=2166"},{"taxonomy":"post_tag","embeddable":true,"href":"https:\/\/www.interaccionnoticias.com.mx\/index.php?rest_route=%2Fwp%2Fv2%2Ftags&post=2166"}],"curies":[{"name":"wp","href":"https:\/\/api.w.org\/{rel}","templated":true}]}}