{"id":2163,"date":"2017-02-16T19:49:01","date_gmt":"2017-02-17T01:49:01","guid":{"rendered":"http:\/\/www.inter-accion.com.mx\/?p=2163"},"modified":"2017-02-16T19:49:01","modified_gmt":"2017-02-17T01:49:01","slug":"incendios-en-2017-superan-los-registrados-en-los-ultimos-seis-anos","status":"publish","type":"post","link":"https:\/\/www.interaccionnoticias.com.mx\/?p=2163","title":{"rendered":"Incendios en 2017 superan los registrados en los \u00faltimos seis a\u00f1os"},"content":{"rendered":"<p>De acuerdo al corte registrado en febrero<br \/>\n&nbsp;<br \/>\nEl secretario de Protecci\u00f3n Civil del gobierno estatal, Marco C\u00e9sar Mayares reconoci\u00f3 que el n\u00famero de incendios forestales registrado en lo que va del a\u00f1o ya super\u00f3 mucho los registrados durante el \u00faltimo sexenio al corte del mes de febrero.<br \/>\nV\u00eda telef\u00f3nica, el funcionario coment\u00f3 que ya existe una investigaci\u00f3n relacionada con el incendio registrado en el parque ecol\u00f3gico de \u201cEl Veladero\u201d, en el puerto de Acapulco.<br \/>\nHasta este momento dijo que se tiene un reporte de 71 hect\u00e1reas siniestradas en dicho punto, lo que hace necesario que haya una investigaci\u00f3n muy puntual de lo que sucedi\u00f3, principalmente de las causas para evitar que haya casos similares. &nbsp;<br \/>\nAclar\u00f3 que PC no es una instancia que tenga atribuciones para investigar y sancionar, en todo caso, explic\u00f3 que son otras las dependencias que tienen las facultades legales para hacerlo y que ya est\u00e1n trabajando sobre el tema.<br \/>\nEn todo caso, refiri\u00f3 que lo que en estos momentos procede, es hacer un llamado a la poblaci\u00f3n para que no utilice el fuego como factor de limpieza, habida cuenta de la facilidad con la que se salen de control.<br \/>\nEn esa parte, destac\u00f3 que en lo que va del a\u00f1o, se ha visto que esta es la fase m\u00e1s critica de los incendios forestales en Guerrero en los \u00faltimos seis o siete a\u00f1os.<br \/>\nSi los campesinos que utilizan el fuego para limpiar sus tierras de cultivo no rectifican, advirti\u00f3 que la situaci\u00f3n puede complicarse de manera importante, de ah\u00ed la necesidad de que hagan conciencia.<\/p>\n","protected":false},"excerpt":{"rendered":"<p>De acuerdo al corte registrado en febrero &nbsp; El secretario de Protecci\u00f3n Civil del gobierno estatal, Marco C\u00e9sar Mayares reconoci\u00f3 que el n\u00famero de incendios forestales registrado en lo que&hellip; <\/p>\n","protected":false},"author":1,"featured_media":0,"comment_status":"open","ping_status":"open","sticky":false,"template":"","format":"standard","meta":{"fifu_image_url":"","fifu_image_alt":"","footnotes":""},"categories":[13,8],"tags":[],"class_list":["post-2163","post","type-post","status-publish","format-standard","hentry","category-capital","category-featured"],"_links":{"self":[{"href":"https:\/\/www.interaccionnoticias.com.mx\/index.php?rest_route=\/wp\/v2\/posts\/2163","targetHints":{"allow":["GET"]}}],"collection":[{"href":"https:\/\/www.interaccionnoticias.com.mx\/index.php?rest_route=\/wp\/v2\/posts"}],"about":[{"href":"https:\/\/www.interaccionnoticias.com.mx\/index.php?rest_route=\/wp\/v2\/types\/post"}],"author":[{"embeddable":true,"href":"https:\/\/www.interaccionnoticias.com.mx\/index.php?rest_route=\/wp\/v2\/users\/1"}],"replies":[{"embeddable":true,"href":"https:\/\/www.interaccionnoticias.com.mx\/index.php?rest_route=%2Fwp%2Fv2%2Fcomments&post=2163"}],"version-history":[{"count":0,"href":"https:\/\/www.interaccionnoticias.com.mx\/index.php?rest_route=\/wp\/v2\/posts\/2163\/revisions"}],"wp:attachment":[{"href":"https:\/\/www.interaccionnoticias.com.mx\/index.php?rest_route=%2Fwp%2Fv2%2Fmedia&parent=2163"}],"wp:term":[{"taxonomy":"category","embeddable":true,"href":"https:\/\/www.interaccionnoticias.com.mx\/index.php?rest_route=%2Fwp%2Fv2%2Fcategories&post=2163"},{"taxonomy":"post_tag","embeddable":true,"href":"https:\/\/www.interaccionnoticias.com.mx\/index.php?rest_route=%2Fwp%2Fv2%2Ftags&post=2163"}],"curies":[{"name":"wp","href":"https:\/\/api.w.org\/{rel}","templated":true}]}}