{"id":2153,"date":"2017-02-16T19:27:31","date_gmt":"2017-02-17T01:27:31","guid":{"rendered":"http:\/\/www.inter-accion.com.mx\/?p=2153"},"modified":"2017-02-16T19:27:31","modified_gmt":"2017-02-17T01:27:31","slug":"policias-denuncian-por-despido-injustificado-al-ayuntamiento-de-chilpancingo","status":"publish","type":"post","link":"https:\/\/www.interaccionnoticias.com.mx\/?p=2153","title":{"rendered":"Polic\u00edas denuncian por despido injustificado al Ayuntamiento de Chilpancingo"},"content":{"rendered":"<p><b>Chilpancingo 16 de febrero.-<\/b><span style=\"font-weight: 400;\"> Elementos de la Polic\u00eda Municipal, demandaron al Ayuntamiento de Chilpancingo ante el Tribunal de lo Contencioso Administrativo, por el despido injustificado de 24 uniformados que no aprobaron los ex\u00e1menes de control y confianza. <\/span><br \/>\n<span style=\"font-weight: 400;\">En conferencia de prensa, los inconformes detallaron que la mayor\u00eda de los 24 afectados, recibieron una \u201cnotificaci\u00f3n de baja\u201d el pasado 28 de diciembre, firmada por el secretario de Seguridad p\u00fablica Municipal, Esteban Espinoza Montoya, en la que se se\u00f1alaba que hab\u00edan reprobado los ex\u00e1menes de control y confianza. <\/span><br \/>\n<span style=\"font-weight: 400;\">Sin embargo, el rechazo hacia esa resoluci\u00f3n, surgi\u00f3 porque en el documento que les fue entregado, no se anexan los resultados de las pruebas a las que fueron sometidos durante el 2015 y 2016, con las cuales puedan tener certidumbre del tr\u00e1mite. <\/span><br \/>\n<span style=\"font-weight: 400;\">\u201cDebi\u00f3 de haber venido con su respaldo, para que nosotros estuvi\u00e9ramos dados de baja definitivamente, que no pudi\u00e9ramos nosotros laborar como polic\u00edas municipales, cosa que no es as\u00ed\u201d, resalt\u00f3 uno de los inconformes. <\/span><br \/>\n<span style=\"font-weight: 400;\">El grupo de notificados, acudi\u00f3 el 9 de enero al Palacio Municipal, para solicitar una audiencia con el alcalde Marco Antonio Leyva Mena, misma que hasta la fecha no se ha concretado. <\/span><br \/>\n<span style=\"font-weight: 400;\">Posteriormente, haciendo valer su derecho, se reunieron con el Consejo de Honor y Justicia, que es presidido por el s\u00edndico procurador Miguel \u00c1ngel Hern\u00e1ndez G\u00f3mez para presentar documentos y elementos probatorios sobre la acci\u00f3n \u201cinjustificada\u201d a la que fueron sujetos, misma que Hern\u00e1ndez G\u00f3mez dijo desconocer. <\/span><br \/>\n<span style=\"font-weight: 400;\">Los 24 afectados, suman 3 quincenas sin recibir el pago salarial, y solo se les ha \u201cprometido\u201d el pago de 29 mil 200 pesos -que ser\u00e1 solventado por el Programa de Fortalecimiento para la Seguridad (FORTASEG)- por concepto de liquidaci\u00f3n, el cual aseguraron como injusto, tomando en cuenta la antig\u00fcedad en la corporaci\u00f3n de los elementos polic\u00edacos, que van desde los 8 hasta los 15 a\u00f1os. <\/span><br \/>\n<span style=\"font-weight: 400;\">En diciembre, Leyva Mena inform\u00f3 que el Ayuntamiento de Chilpancingo tendr\u00eda que gastar m\u00e1s un mill\u00f3n de pesos, para solventar el pago de liquidaciones a una veintena de polic\u00edas municipales, que reprobaron los ex\u00e1menes de control y confianza.<\/span><br \/>\n&nbsp;<\/p>\n","protected":false},"excerpt":{"rendered":"<p>Chilpancingo 16 de febrero.- Elementos de la Polic\u00eda Municipal, demandaron al Ayuntamiento de Chilpancingo ante el Tribunal de lo Contencioso Administrativo, por el despido injustificado de 24 uniformados que no&hellip; <\/p>\n","protected":false},"author":1,"featured_media":0,"comment_status":"open","ping_status":"open","sticky":false,"template":"","format":"standard","meta":{"fifu_image_url":"","fifu_image_alt":"","footnotes":""},"categories":[13,8],"tags":[],"class_list":["post-2153","post","type-post","status-publish","format-standard","hentry","category-capital","category-featured"],"_links":{"self":[{"href":"https:\/\/www.interaccionnoticias.com.mx\/index.php?rest_route=\/wp\/v2\/posts\/2153","targetHints":{"allow":["GET"]}}],"collection":[{"href":"https:\/\/www.interaccionnoticias.com.mx\/index.php?rest_route=\/wp\/v2\/posts"}],"about":[{"href":"https:\/\/www.interaccionnoticias.com.mx\/index.php?rest_route=\/wp\/v2\/types\/post"}],"author":[{"embeddable":true,"href":"https:\/\/www.interaccionnoticias.com.mx\/index.php?rest_route=\/wp\/v2\/users\/1"}],"replies":[{"embeddable":true,"href":"https:\/\/www.interaccionnoticias.com.mx\/index.php?rest_route=%2Fwp%2Fv2%2Fcomments&post=2153"}],"version-history":[{"count":0,"href":"https:\/\/www.interaccionnoticias.com.mx\/index.php?rest_route=\/wp\/v2\/posts\/2153\/revisions"}],"wp:attachment":[{"href":"https:\/\/www.interaccionnoticias.com.mx\/index.php?rest_route=%2Fwp%2Fv2%2Fmedia&parent=2153"}],"wp:term":[{"taxonomy":"category","embeddable":true,"href":"https:\/\/www.interaccionnoticias.com.mx\/index.php?rest_route=%2Fwp%2Fv2%2Fcategories&post=2153"},{"taxonomy":"post_tag","embeddable":true,"href":"https:\/\/www.interaccionnoticias.com.mx\/index.php?rest_route=%2Fwp%2Fv2%2Ftags&post=2153"}],"curies":[{"name":"wp","href":"https:\/\/api.w.org\/{rel}","templated":true}]}}