{"id":2149,"date":"2017-02-16T19:24:18","date_gmt":"2017-02-17T01:24:18","guid":{"rendered":"http:\/\/www.inter-accion.com.mx\/?p=2149"},"modified":"2017-02-16T19:24:18","modified_gmt":"2017-02-17T01:24:18","slug":"coordinacion-con-la-federacion-determinante-en-materia-de-seguridad","status":"publish","type":"post","link":"https:\/\/www.interaccionnoticias.com.mx\/?p=2149","title":{"rendered":"Coordinaci\u00f3n con la federaci\u00f3n determinante en materia de seguridad"},"content":{"rendered":"<p>*Primera Reuni\u00f3n Regional Zona Centro de la Conferencia Nacional de Secretarios de Seguridad P\u00fablica<br \/>\n*Polic\u00eda Cibern\u00e9tica contra generadores confusi\u00f3n y temor<br \/>\nAcapulco, Gro.- El relanzamiento tur\u00edstico en Guerrero, no ser\u00eda posible sin la confianza que permitiera la llegada del turismo nacional e internacional, y se logra por las estrategias para mejorar la seguridad, afirm\u00f3 el gobernador de Guerrero H\u00e9ctor Astudillo Flores.<br \/>\nLo anterior al inaugurar la Primera Reuni\u00f3n Regional Zona Centro de la Conferencia Nacional de Secretarios de Seguridad P\u00fablica a la que asistieron los titulares de seis estados y el comisionado Nacional de Seguridad, Renato Sales Heredia.<br \/>\nEn su mensaje inaugural, el mandatario estatal sostuvo que su gobierno est\u00e1 empe\u00f1ado em hacer lo necesario para que en Guerrero, con la ayuda de la Federaci\u00f3n y de la Comisi\u00f3n Nacional de Seguridad P\u00fablica, Secretar\u00eda de la Defensa Nacional, Marina y Polic\u00eda Federal, se siga dando la lucha contra la delincuencia organizada.<br \/>\n\u00abFortalecer la seguridad no es un asunto de un d\u00eda o mediod\u00eda, es un asunto de permanente atenci\u00f3n, en el que es ineludible la coordinaci\u00f3n con la Federaci\u00f3n, si hay un tema que debe ser perfectamente coordinado con \u00e9sta instancia es el de seguridad.<br \/>\n\u00abEn Guerrero lo tenemos perfectamente claro, entendemos nuestras debilidades y con toda humildad, con todo respeto, con toda la determinaci\u00f3n hemos tratado de hacer los planteamientos necesarios para recibir ayuda y la hemos recibido\u00bb, reconoci\u00f3.<br \/>\nDe la primera reuni\u00f3n en la que participan los responsables de la Seguridad P\u00fablica de las entidades de Tlaxcala, Morelos, Ciudad de M\u00e9xico, Estado de M\u00e9xico y Puebla, consider\u00f3 que intercambiar experiencias y reafirmar los compromisos que asumi\u00f3 el presidente Enrique Pe\u00f1a Nieto servir\u00e1n para mejorar la seguridad en esta regi\u00f3n del pa\u00eds.<br \/>\nOtro de los tema relevantes, dijo Astudillo Flores es la Polic\u00eda Cibern\u00e9tica, para detectar a quienes utilizan redes sociales para generar temor, confusi\u00f3n e incertidumbre.<br \/>\n\u00abEl tema de la Polic\u00eda Cibern\u00e9tica es de inter\u00e9s colectivo&nbsp; y debe enlazarse a nivel nacional a efecto de ir tratando de tener mayor informaci\u00f3n de quienes generan elementos que producen desconfianza y p\u00e1nico a la sociedad\u00bb, se\u00f1al\u00f3 en el puerto de Zihuatanejo en la Costa Grande dela estado.<br \/>\nEstimo necesario dignificar la labor de los polic\u00edas, dedicarle atenci\u00f3n importante a los cuerpos policiacos.<br \/>\nTambi\u00e9n consider\u00f3 que se debe reorientar el tema del Mando \u00danico y conocer en qu\u00e9 situaci\u00f3n quedar\u00e1 la iniciativa que promovi\u00f3 el presidente Enrique Pe\u00f1a Nieto, en el Congreso de la Uni\u00f3n.<br \/>\n\u00abQue den una respuesta de inter\u00e9s nacional a lo que debe ser finalmente el Mando \u00danico o lo que considere el Congreso con sus facultades determinar en qu\u00e9 condici\u00f3n queda esta iniciativa\u00bb, demand\u00f3<br \/>\nEn tanti el gobernador dijo que la relaci\u00f3n con Estados Unidos debe ser un tema visto desde la seguridad, ya que, indic\u00f3, el gobierno estadounidense ve a M\u00e9xico como el responsable de sus problemas de seguridad, \u00ablo que obliga a que nos concentremos m\u00e1s y hagamos m\u00e1s acciones con mayor precisi\u00f3n para que este no sea un pretexto y que a los guerrerenses los quieran ver como delincuentes\u00bb.<br \/>\nFinalmente el comisionado Nacional de Seguridad P\u00fablica, Sales Heredia, reconoci\u00f3 la disposici\u00f3n del gobernador, para trabajar de manera articulada con el gobierno federal y el impulso decidido que brinda a la estrategia de seguridad de la mano de la sociedad guerrerense.<\/p>\n","protected":false},"excerpt":{"rendered":"<p>*Primera Reuni\u00f3n Regional Zona Centro de la Conferencia Nacional de Secretarios de Seguridad P\u00fablica *Polic\u00eda Cibern\u00e9tica contra generadores confusi\u00f3n y temor Acapulco, Gro.- El relanzamiento tur\u00edstico en Guerrero, no ser\u00eda&hellip; <\/p>\n","protected":false},"author":1,"featured_media":0,"comment_status":"open","ping_status":"open","sticky":false,"template":"","format":"standard","meta":{"fifu_image_url":"","fifu_image_alt":"","footnotes":""},"categories":[8,23],"tags":[],"class_list":["post-2149","post","type-post","status-publish","format-standard","hentry","category-featured","category-regionales"],"_links":{"self":[{"href":"https:\/\/www.interaccionnoticias.com.mx\/index.php?rest_route=\/wp\/v2\/posts\/2149","targetHints":{"allow":["GET"]}}],"collection":[{"href":"https:\/\/www.interaccionnoticias.com.mx\/index.php?rest_route=\/wp\/v2\/posts"}],"about":[{"href":"https:\/\/www.interaccionnoticias.com.mx\/index.php?rest_route=\/wp\/v2\/types\/post"}],"author":[{"embeddable":true,"href":"https:\/\/www.interaccionnoticias.com.mx\/index.php?rest_route=\/wp\/v2\/users\/1"}],"replies":[{"embeddable":true,"href":"https:\/\/www.interaccionnoticias.com.mx\/index.php?rest_route=%2Fwp%2Fv2%2Fcomments&post=2149"}],"version-history":[{"count":0,"href":"https:\/\/www.interaccionnoticias.com.mx\/index.php?rest_route=\/wp\/v2\/posts\/2149\/revisions"}],"wp:attachment":[{"href":"https:\/\/www.interaccionnoticias.com.mx\/index.php?rest_route=%2Fwp%2Fv2%2Fmedia&parent=2149"}],"wp:term":[{"taxonomy":"category","embeddable":true,"href":"https:\/\/www.interaccionnoticias.com.mx\/index.php?rest_route=%2Fwp%2Fv2%2Fcategories&post=2149"},{"taxonomy":"post_tag","embeddable":true,"href":"https:\/\/www.interaccionnoticias.com.mx\/index.php?rest_route=%2Fwp%2Fv2%2Ftags&post=2149"}],"curies":[{"name":"wp","href":"https:\/\/api.w.org\/{rel}","templated":true}]}}