{"id":2113,"date":"2017-02-15T18:08:34","date_gmt":"2017-02-16T00:08:34","guid":{"rendered":"http:\/\/www.inter-accion.com.mx\/?p=2113"},"modified":"2017-02-15T18:08:34","modified_gmt":"2017-02-16T00:08:34","slug":"marchan-en-chilapa-para-exigir-maestros-en-nivel-secundaria","status":"publish","type":"post","link":"https:\/\/www.interaccionnoticias.com.mx\/?p=2113","title":{"rendered":"Marchan en Chilapa para exigir maestros en nivel secundaria"},"content":{"rendered":"<p>Integrantes de la Coordinadora Estatal de Trabajadores de la Educaci\u00f3n de Guerrero (CETEG) marcharon en la cabecera municipal de Chilapa, exigieron as\u00ed la asignaci\u00f3n de maestros de nivel secundaria en por lo menos tres municipios.<br \/>\nLa movilizaci\u00f3n se dio en el contexto de una gira de trabajo que realizar\u00eda en la zona el titular de la Secretar\u00eda de Educaci\u00f3n Guerrero (SEG), Jos\u00e9 Luis Gonz\u00e1lez de la Vega Otero.<br \/>\nLos que se movilizaron, son trabajadores de la zona escolar 016, correspondiente a la Monta\u00f1a Baja, en los municipios de Chilapa, Ahuocotzingo, Zitlala y Hueycantenango.<br \/>\nLa demanda principal es la asignaci\u00f3n de profesores en al menos 23 escuelas de nivel secundaria, adem\u00e1s de intendentes y personal de apoyo.<br \/>\nLos maestros disidentes solicitan tambi\u00e9n la aplicaci\u00f3n de un programa de mejoramiento y rehabilitaci\u00f3n de los planteles escolares de la zona, ya que la mayor\u00eda presenta un nivel importante de deterioro.<br \/>\nIndicaron que los planteamientos ya son conocidos por la estructura de la SEG, pues han dado a conocer su problem\u00e1tica incluso en actividades realizadas en la capital del estado.<br \/>\nLa respuesta de la SEG<br \/>\nEn su momento, el titular de la SEG explic\u00f3 que este mismo mi\u00e9rcoles se entregaron 16 nombramientos a las escuelas que los reclaman, de 34 que se est\u00e1n planteando de manera concreta.<br \/>\nDe la Vega Otero reconoci\u00f3 que la falta de maestros es producto de un abandono que se ha prolongado durante muchos a\u00f1os.<br \/>\nReconoci\u00f3 que no se ha dado la respuesta en la medida que los maestros disidentes pretenden, pero&nbsp;&nbsp;aclar\u00f3&nbsp;que no se pueden entregar nombramientos que no cuenten con el techo presupuestal reconocido por el gobierno federal. &nbsp;&nbsp;&nbsp;<\/p>\n","protected":false},"excerpt":{"rendered":"<p>Integrantes de la Coordinadora Estatal de Trabajadores de la Educaci\u00f3n de Guerrero (CETEG) marcharon en la cabecera municipal de Chilapa, exigieron as\u00ed la asignaci\u00f3n de maestros de nivel secundaria en&hellip; <\/p>\n","protected":false},"author":1,"featured_media":0,"comment_status":"open","ping_status":"open","sticky":false,"template":"","format":"standard","meta":{"fifu_image_url":"","fifu_image_alt":"","footnotes":""},"categories":[6,8],"tags":[],"class_list":["post-2113","post","type-post","status-publish","format-standard","hentry","category-educacion","category-featured"],"_links":{"self":[{"href":"https:\/\/www.interaccionnoticias.com.mx\/index.php?rest_route=\/wp\/v2\/posts\/2113","targetHints":{"allow":["GET"]}}],"collection":[{"href":"https:\/\/www.interaccionnoticias.com.mx\/index.php?rest_route=\/wp\/v2\/posts"}],"about":[{"href":"https:\/\/www.interaccionnoticias.com.mx\/index.php?rest_route=\/wp\/v2\/types\/post"}],"author":[{"embeddable":true,"href":"https:\/\/www.interaccionnoticias.com.mx\/index.php?rest_route=\/wp\/v2\/users\/1"}],"replies":[{"embeddable":true,"href":"https:\/\/www.interaccionnoticias.com.mx\/index.php?rest_route=%2Fwp%2Fv2%2Fcomments&post=2113"}],"version-history":[{"count":0,"href":"https:\/\/www.interaccionnoticias.com.mx\/index.php?rest_route=\/wp\/v2\/posts\/2113\/revisions"}],"wp:attachment":[{"href":"https:\/\/www.interaccionnoticias.com.mx\/index.php?rest_route=%2Fwp%2Fv2%2Fmedia&parent=2113"}],"wp:term":[{"taxonomy":"category","embeddable":true,"href":"https:\/\/www.interaccionnoticias.com.mx\/index.php?rest_route=%2Fwp%2Fv2%2Fcategories&post=2113"},{"taxonomy":"post_tag","embeddable":true,"href":"https:\/\/www.interaccionnoticias.com.mx\/index.php?rest_route=%2Fwp%2Fv2%2Ftags&post=2113"}],"curies":[{"name":"wp","href":"https:\/\/api.w.org\/{rel}","templated":true}]}}