{"id":2106,"date":"2017-02-15T17:08:04","date_gmt":"2017-02-15T23:08:04","guid":{"rendered":"http:\/\/www.inter-accion.com.mx\/?p=2106"},"modified":"2017-02-15T17:08:04","modified_gmt":"2017-02-15T23:08:04","slug":"compadre-de-el-tequilero-defiende-su-fuero-constitucional","status":"publish","type":"post","link":"https:\/\/www.interaccionnoticias.com.mx\/?p=2106","title":{"rendered":"Compadre de &quot;El Tequilero&quot; defiende su fuero constitucional"},"content":{"rendered":"<p>Promueve Juicio de Amparo para que no se ejecute orden de aprehensi\u00f3n en su contra&nbsp;<br \/>\nEl Congreso local fue notificado de la promoci\u00f3n de un juicio de amparo por parte del diputado local del PRI Sa\u00fal Beltr\u00e1n Orozco, con el que pide que se respete su fuero constitucional para que no se ejerza la orden de aprehensi\u00f3n que existe en su contra, por la presunta comisi\u00f3n del delito de homicidio calificado.<br \/>\nLa tarde del mi\u00e9rcoles 15 de febrero, la diputada local del PVEM, Roxana Agras Ulloa, en su calidad de secretaria de la Mesa Directiva tuvo a su cargo la lectura de la notificaci\u00f3n enviada por su compa\u00f1ero de legislatura, Sa\u00fal Beltr\u00e1n Orozco.<br \/>\n\u201cEn mi calidad de diputado local de la 61 legislatura del estado de Guerrero, respetuosamente expongo; que como es del conocimiento p\u00fablico, el pasado 1 de febrero del a\u00f1o en curso, el fiscal general del Estado, Javier Ignacio Olea Pel\u00e1ez solicit\u00f3 al Congreso la declaraci\u00f3n de procedencia para iniciar el procedimiento legislativo que resuelva sobre la suspensi\u00f3n de la inmunidad constitucional del suscrito, en mi car\u00e1cter de diputado local y con ello estar en actitud de ejecutar una orden de aprehensi\u00f3n por el delito de homicidio calificado\u201d, expresa el diputado Beltr\u00e1n Orozco en el documento.<br \/>\nEl tambi\u00e9n ex alcalde de San Miguel Totolapan, sostiene que en ning\u00fan momento ha desplegado conductas que pudieran ser relevantes para el Derecho Penal, mucho menos para ejecutar la orden de aprehensi\u00f3n que asegura; \u201cinconstitucionalmente se me imputa\u201d.<br \/>\nPor esa raz\u00f3n, destac\u00f3 que el 2 de febrero pasado present\u00f3 una demanda de juicio de amparo directo ante el Poder Judicial de la Federaci\u00f3n, con la finalidad de que se le otorgue el amparo y protecci\u00f3n de la justicia del Poder Judicial de la Federaci\u00f3n, para que \u201cse deje insubsistente la inconstitucional orden de captura que existe en mi contra\u201d.<br \/>\nEl juico de amparo fue presentado ante el Juzgado D\u00e9cimo de Distrito con residencia en Chilpancingo, el n\u00famero de amparo directo es el 108\/2017.<br \/>\nComo la solicitud del Juicio de Procedencia deriva de la existencia de una orden de aprehensi\u00f3n librada por una juez, el diputado Beltr\u00e1n solicit\u00f3 que se deje sin efecto el procedimiento legislativo que ya comenz\u00f3 en la Comisi\u00f3n Instructora.<br \/>\nBeltr\u00e1n &nbsp;invoca los art\u00edculos 1, 8 y 20 de la Constituci\u00f3n General de la Rep\u00fablica para solicitar que se suspenda el juicio con motivo de la declaraci\u00f3n de procedencia, hasta en tanto se resuelva el juicio de garant\u00edas que ha promovido ante el Poder Judicial de la Federaci\u00f3n.<br \/>\nIncluso, el diputado plantea un amago para sus compa\u00f1eros de legislatura cuando refiere que se puede emitir una resoluci\u00f3n contradictoria a la del Poder Judicial.<br \/>\n\u201cDe no suspenderse el procedimiento para resolver la declaraci\u00f3n de procedencia, se puede &nbsp;llegar al absurdo y peligroso escenario de que al suscrito se le suspenda la inmunidad constitucional, de la que gozo como diputado local y momentos despu\u00e9s se resolviera por parte del Poder Judicial de la Federaci\u00f3n, el amparo promovido, declarando que es inconstitucional la orden de aprehensi\u00f3n librada en mi contra\u201d.<br \/>\nPor esa raz\u00f3n, Sa\u00fal Beltr\u00e1n, diputado al que se le vincula con el delito de homicidio, adem\u00e1s de que se le comprob\u00f3 la relaci\u00f3n de compadrazgo con Raybel Jacobo de Almonte \u201cEl Tequilero\u201d, solicit\u00f3 que se suspenda el Juicio de Procedencia que lo dejar\u00eda si fuero constitucional.<\/p>\n","protected":false},"excerpt":{"rendered":"<p>Promueve Juicio de Amparo para que no se ejecute orden de aprehensi\u00f3n en su contra&nbsp; El Congreso local fue notificado de la promoci\u00f3n de un juicio de amparo por parte&hellip; <\/p>\n","protected":false},"author":1,"featured_media":0,"comment_status":"open","ping_status":"open","sticky":false,"template":"","format":"standard","meta":{"fifu_image_url":"","fifu_image_alt":"","footnotes":""},"categories":[2,8],"tags":[],"class_list":["post-2106","post","type-post","status-publish","format-standard","hentry","category-congreso","category-featured"],"_links":{"self":[{"href":"https:\/\/www.interaccionnoticias.com.mx\/index.php?rest_route=\/wp\/v2\/posts\/2106","targetHints":{"allow":["GET"]}}],"collection":[{"href":"https:\/\/www.interaccionnoticias.com.mx\/index.php?rest_route=\/wp\/v2\/posts"}],"about":[{"href":"https:\/\/www.interaccionnoticias.com.mx\/index.php?rest_route=\/wp\/v2\/types\/post"}],"author":[{"embeddable":true,"href":"https:\/\/www.interaccionnoticias.com.mx\/index.php?rest_route=\/wp\/v2\/users\/1"}],"replies":[{"embeddable":true,"href":"https:\/\/www.interaccionnoticias.com.mx\/index.php?rest_route=%2Fwp%2Fv2%2Fcomments&post=2106"}],"version-history":[{"count":0,"href":"https:\/\/www.interaccionnoticias.com.mx\/index.php?rest_route=\/wp\/v2\/posts\/2106\/revisions"}],"wp:attachment":[{"href":"https:\/\/www.interaccionnoticias.com.mx\/index.php?rest_route=%2Fwp%2Fv2%2Fmedia&parent=2106"}],"wp:term":[{"taxonomy":"category","embeddable":true,"href":"https:\/\/www.interaccionnoticias.com.mx\/index.php?rest_route=%2Fwp%2Fv2%2Fcategories&post=2106"},{"taxonomy":"post_tag","embeddable":true,"href":"https:\/\/www.interaccionnoticias.com.mx\/index.php?rest_route=%2Fwp%2Fv2%2Ftags&post=2106"}],"curies":[{"name":"wp","href":"https:\/\/api.w.org\/{rel}","templated":true}]}}