{"id":2103,"date":"2017-02-15T16:58:28","date_gmt":"2017-02-15T22:58:28","guid":{"rendered":"http:\/\/www.inter-accion.com.mx\/?p=2103"},"modified":"2017-02-15T16:58:28","modified_gmt":"2017-02-15T22:58:28","slug":"mega-jornada-de-limpieza-incluye-400-colonias-de-chilpancingo","status":"publish","type":"post","link":"https:\/\/www.interaccionnoticias.com.mx\/?p=2103","title":{"rendered":"Mega jornada de limpieza incluye 400 colonias de Chilpancingo"},"content":{"rendered":"<p class=\"m_-3851195889409286104gmail-MsoNoSpacing\">Chilpancingo, 15 de enero de 2017.- Primer \u201cMega Jornada de Limpieza\u201d en Chilpancingo, incluir\u00e1 la visita a 400 colonias y contar\u00e1 con la participaci\u00f3n de organizaciones sociales, secretarias municipales y para estatales.<\/p>\n<p class=\"m_-3851195889409286104gmail-MsoNoSpacing\">Seg\u00fan el titular de la Secretar\u00eda de Servicios P\u00fablicos Municipales, Sergio del Moral Ben\u00edtez, la actividad ser\u00eda para involucrar a la sociedad en el cuidado de medio ambiente, adem\u00e1s para revertir la crisis de basura, generada a ra\u00edz de no haber un sitio de disposici\u00f3n final para albergar los residuos s\u00f3lidos de los capitalinos.<\/p>\n<p class=\"m_-3851195889409286104gmail-MsoNoSpacing\">Adelant\u00f3 que en la jornada del pr\u00f3ximo s\u00e1bado, participar\u00e1n 100 unidades recolectoras, entre camionetas y volteos, que ser\u00e1n divididos por escuadrones, acompa\u00f1ados por un regidor o un titular de una secretar\u00eda.<\/p>\n<p class=\"m_-3851195889409286104gmail-MsoNoSpacing\">En total, son 20 rutas las que se deben recorrer el d\u00eda s\u00e1bado o lo que es equivalente a que se visiten aproximadamente 400 colonias.<\/p>\n<p class=\"m_-3851195889409286104gmail-MsoNoSpacing\">Del Moral Ben\u00edtez, refiri\u00f3 que la basura generada en Chilpancingo, se traslada e manera normal hacia el basurero de Eduardo Neri, -donde previamente ya se hab\u00eda firmado un acuerdo entre municipios- con lo que afirm\u00f3, que los dos \u201ccentros de transferencia\u201d, se encuentran clausurados.<\/p>\n<p class=\"m_-3851195889409286104gmail-MsoNoSpacing\">El evento, fue convocado por el alcalde de Chilpancingo, Marco Antonio Leyva Mena, y ser\u00e1 implementado este s\u00e1bado por la ma\u00f1ana en distintos puntos de la ciudad, esto tras la crisis de basura en la capital y antes de que el edil comparezca ante la Comisi\u00f3n de Recursos Naturales, Desarrollo Sustentable y Cambio Clim\u00e1tico.<\/p>\n","protected":false},"excerpt":{"rendered":"<p>Chilpancingo, 15 de enero de 2017.- Primer \u201cMega Jornada de Limpieza\u201d en Chilpancingo, incluir\u00e1 la visita a 400 colonias y contar\u00e1 con la participaci\u00f3n de organizaciones sociales, secretarias municipales y&hellip; <\/p>\n","protected":false},"author":1,"featured_media":0,"comment_status":"open","ping_status":"open","sticky":false,"template":"","format":"standard","meta":{"fifu_image_url":"","fifu_image_alt":"","footnotes":""},"categories":[13,8],"tags":[],"class_list":["post-2103","post","type-post","status-publish","format-standard","hentry","category-capital","category-featured"],"_links":{"self":[{"href":"https:\/\/www.interaccionnoticias.com.mx\/index.php?rest_route=\/wp\/v2\/posts\/2103","targetHints":{"allow":["GET"]}}],"collection":[{"href":"https:\/\/www.interaccionnoticias.com.mx\/index.php?rest_route=\/wp\/v2\/posts"}],"about":[{"href":"https:\/\/www.interaccionnoticias.com.mx\/index.php?rest_route=\/wp\/v2\/types\/post"}],"author":[{"embeddable":true,"href":"https:\/\/www.interaccionnoticias.com.mx\/index.php?rest_route=\/wp\/v2\/users\/1"}],"replies":[{"embeddable":true,"href":"https:\/\/www.interaccionnoticias.com.mx\/index.php?rest_route=%2Fwp%2Fv2%2Fcomments&post=2103"}],"version-history":[{"count":0,"href":"https:\/\/www.interaccionnoticias.com.mx\/index.php?rest_route=\/wp\/v2\/posts\/2103\/revisions"}],"wp:attachment":[{"href":"https:\/\/www.interaccionnoticias.com.mx\/index.php?rest_route=%2Fwp%2Fv2%2Fmedia&parent=2103"}],"wp:term":[{"taxonomy":"category","embeddable":true,"href":"https:\/\/www.interaccionnoticias.com.mx\/index.php?rest_route=%2Fwp%2Fv2%2Fcategories&post=2103"},{"taxonomy":"post_tag","embeddable":true,"href":"https:\/\/www.interaccionnoticias.com.mx\/index.php?rest_route=%2Fwp%2Fv2%2Ftags&post=2103"}],"curies":[{"name":"wp","href":"https:\/\/api.w.org\/{rel}","templated":true}]}}