{"id":2099,"date":"2017-02-15T16:54:33","date_gmt":"2017-02-15T22:54:33","guid":{"rendered":"http:\/\/www.inter-accion.com.mx\/?p=2099"},"modified":"2017-02-15T16:54:33","modified_gmt":"2017-02-15T22:54:33","slug":"marchan-y-exigen-maestros-en-san-luis-acatlan","status":"publish","type":"post","link":"https:\/\/www.interaccionnoticias.com.mx\/?p=2099","title":{"rendered":"Marchan y exigen maestros en San Luis Acatl\u00e1n"},"content":{"rendered":"<p>Acapulco, Gro.- M\u00e1s de 500 personas entre padres de familia y maestros de una escuela secundaria de San Luis Acatl\u00e1n, regi\u00f3n de la Costa Chica realizaron una marcha y protesta para exigir personal docente.<br \/>\nDurante m\u00e1s de dos horas tanto padres de familia, alumnos y personal docente de la escuela secundaria t\u00e9cnica n\u00famero 36 \u00abJusto Sierra\u00bb, marcharon y se manifestaron, exigen a la Secretar\u00eda de Educaci\u00f3n Guerrero, \u00abm\u00e1s maestros\u00bb.<br \/>\nLa marcha parti\u00f3 por la avenida principal es Barrio de San Miguel, llegando al ayuntamiento donde con cartulinas y mantas realizaron la manifestaci\u00f3n y exigieron maestros para la escuela de sus hijos.<br \/>\nUna gran manta reza \u00abLos padres de familia de Tlaxcalixtlhuaca, \u00a1exigimos maestros!, otra cartulina exig\u00eda \u00abQueremos maestros\u00bb, y una m\u00e1s que dice \u00abEscuela primaria biling\u00fce Benito Ju\u00e1rez\u00bb.<br \/>\nLa marcha culmin\u00f3 pasado el mediod\u00eda se regresaron a sus domicilios sin que ninguna autoridad los haya atendido.<\/p>\n<div>&nbsp;<\/div>\n<div>&nbsp;<\/div>\n","protected":false},"excerpt":{"rendered":"<p>Acapulco, Gro.- M\u00e1s de 500 personas entre padres de familia y maestros de una escuela secundaria de San Luis Acatl\u00e1n, regi\u00f3n de la Costa Chica realizaron una marcha y protesta&hellip; <\/p>\n","protected":false},"author":1,"featured_media":0,"comment_status":"open","ping_status":"open","sticky":false,"template":"","format":"standard","meta":{"fifu_image_url":"","fifu_image_alt":"","footnotes":""},"categories":[6],"tags":[],"class_list":["post-2099","post","type-post","status-publish","format-standard","hentry","category-educacion"],"_links":{"self":[{"href":"https:\/\/www.interaccionnoticias.com.mx\/index.php?rest_route=\/wp\/v2\/posts\/2099","targetHints":{"allow":["GET"]}}],"collection":[{"href":"https:\/\/www.interaccionnoticias.com.mx\/index.php?rest_route=\/wp\/v2\/posts"}],"about":[{"href":"https:\/\/www.interaccionnoticias.com.mx\/index.php?rest_route=\/wp\/v2\/types\/post"}],"author":[{"embeddable":true,"href":"https:\/\/www.interaccionnoticias.com.mx\/index.php?rest_route=\/wp\/v2\/users\/1"}],"replies":[{"embeddable":true,"href":"https:\/\/www.interaccionnoticias.com.mx\/index.php?rest_route=%2Fwp%2Fv2%2Fcomments&post=2099"}],"version-history":[{"count":0,"href":"https:\/\/www.interaccionnoticias.com.mx\/index.php?rest_route=\/wp\/v2\/posts\/2099\/revisions"}],"wp:attachment":[{"href":"https:\/\/www.interaccionnoticias.com.mx\/index.php?rest_route=%2Fwp%2Fv2%2Fmedia&parent=2099"}],"wp:term":[{"taxonomy":"category","embeddable":true,"href":"https:\/\/www.interaccionnoticias.com.mx\/index.php?rest_route=%2Fwp%2Fv2%2Fcategories&post=2099"},{"taxonomy":"post_tag","embeddable":true,"href":"https:\/\/www.interaccionnoticias.com.mx\/index.php?rest_route=%2Fwp%2Fv2%2Ftags&post=2099"}],"curies":[{"name":"wp","href":"https:\/\/api.w.org\/{rel}","templated":true}]}}