{"id":2085,"date":"2017-02-14T18:35:50","date_gmt":"2017-02-15T00:35:50","guid":{"rendered":"http:\/\/www.inter-accion.com.mx\/?p=2085"},"modified":"2017-02-14T18:35:50","modified_gmt":"2017-02-15T00:35:50","slug":"organizaciones-sociales-defienden-a-nicolas-chavez","status":"publish","type":"post","link":"https:\/\/www.interaccionnoticias.com.mx\/?p=2085","title":{"rendered":"Organizaciones sociales defienden a Nicol\u00e1s Ch\u00e1vez"},"content":{"rendered":"<div id=\"m_-8857060862469318976divRplyFwdMsg\" dir=\"ltr\">\n<div>* Tras la orden de aprehensi\u00f3n librada en su contra &nbsp;<\/div>\n<div>&nbsp;<\/div>\n<div>&nbsp;<\/div>\n<\/div>\n<div>\n<div dir=\"ltr\">\n<p dir=\"ltr\">Chilpancingo, 12 de febrero de 2017.- La dirigencia del Colectivo de Organizaciones Sociales, Estudiantiles y Sindicatos del Estado de Guerrero, confirm\u00f3 que existe una orden de aprehensi\u00f3n contra el luchador social, Nicol\u00e1s Ch\u00e1vez Adame, por ingresar sin autorizaci\u00f3n a una bodega del sistema DIF estatal en 2014.<\/p>\n<p dir=\"ltr\">Alfonso Sim\u00f3n Tavira, integrante de la Comisi\u00f3n Pol\u00edtica de la Asamblea Popular de los Pueblos de Guerrero, se\u00f1al\u00f3 que la orden fue girada durante el gobierno de \u00c1ngel Aguirre Rivero, a consecuencia de que el profesor Nicol\u00e1s Ch\u00e1vez, ingres\u00f3 a una bodega del DIF, donde se encontraban toneladas de despensas en estado de descomposici\u00f3n, que debieron ser entregadas a los damnificados de los fen\u00f3menos meteorol\u00f3gicos de Ingrid y Manuel en 2013.<\/p>\n<p dir=\"ltr\">Sin embargo, relat\u00f3 que a la llegada del gobernador interino Rogelio Ortega Mart\u00ednez, la orden de aprehensi\u00f3n qued\u00f3 sin efectos, y hoy el gobierno de H\u00e9ctor Astudillo, pretende hacerla valer.<\/p>\n<p dir=\"ltr\">De acuerdo con Sim\u00f3n Tavira, todo surgi\u00f3 despu\u00e9s de una reuni\u00f3n que sostuvieron integrantes del colectivo con Astudillo Flores en la residencia oficial de Casa Guerrero, donde se not\u00f3 inconformidad del mandatario estatal, al momento de realizar propuestas a su gobierno.<\/p>\n<p dir=\"ltr\">Aunado a ello, se sum\u00f3 la visita a Chilpancingo de Carmen Aristegui, -quien recibi\u00f3 la presea Sentimientos del Pueblo-, esto porque critic\u00f3 el actual gobierno estatal y federal.<\/p>\n<p dir=\"ltr\">Consultado v\u00eda telef\u00f3nica, el maestro Nicol\u00e1s Ch\u00e1vez Adame, inform\u00f3 que promovi\u00f3 un amparo contra la orden de aprehensi\u00f3n, recurso que espera pueda ser admitido.<\/p>\n<\/div>\n<\/div>\n","protected":false},"excerpt":{"rendered":"<p>* Tras la orden de aprehensi\u00f3n librada en su contra &nbsp; &nbsp; &nbsp; Chilpancingo, 12 de febrero de 2017.- La dirigencia del Colectivo de Organizaciones Sociales, Estudiantiles y Sindicatos del&hellip; <\/p>\n","protected":false},"author":1,"featured_media":0,"comment_status":"open","ping_status":"open","sticky":false,"template":"","format":"standard","meta":{"fifu_image_url":"","fifu_image_alt":"","footnotes":""},"categories":[8,15],"tags":[],"class_list":["post-2085","post","type-post","status-publish","format-standard","hentry","category-featured","category-movimientos-sociales"],"_links":{"self":[{"href":"https:\/\/www.interaccionnoticias.com.mx\/index.php?rest_route=\/wp\/v2\/posts\/2085","targetHints":{"allow":["GET"]}}],"collection":[{"href":"https:\/\/www.interaccionnoticias.com.mx\/index.php?rest_route=\/wp\/v2\/posts"}],"about":[{"href":"https:\/\/www.interaccionnoticias.com.mx\/index.php?rest_route=\/wp\/v2\/types\/post"}],"author":[{"embeddable":true,"href":"https:\/\/www.interaccionnoticias.com.mx\/index.php?rest_route=\/wp\/v2\/users\/1"}],"replies":[{"embeddable":true,"href":"https:\/\/www.interaccionnoticias.com.mx\/index.php?rest_route=%2Fwp%2Fv2%2Fcomments&post=2085"}],"version-history":[{"count":0,"href":"https:\/\/www.interaccionnoticias.com.mx\/index.php?rest_route=\/wp\/v2\/posts\/2085\/revisions"}],"wp:attachment":[{"href":"https:\/\/www.interaccionnoticias.com.mx\/index.php?rest_route=%2Fwp%2Fv2%2Fmedia&parent=2085"}],"wp:term":[{"taxonomy":"category","embeddable":true,"href":"https:\/\/www.interaccionnoticias.com.mx\/index.php?rest_route=%2Fwp%2Fv2%2Fcategories&post=2085"},{"taxonomy":"post_tag","embeddable":true,"href":"https:\/\/www.interaccionnoticias.com.mx\/index.php?rest_route=%2Fwp%2Fv2%2Ftags&post=2085"}],"curies":[{"name":"wp","href":"https:\/\/api.w.org\/{rel}","templated":true}]}}