{"id":2082,"date":"2017-02-14T18:21:47","date_gmt":"2017-02-15T00:21:47","guid":{"rendered":"http:\/\/www.inter-accion.com.mx\/?p=2082"},"modified":"2017-02-14T18:21:47","modified_gmt":"2017-02-15T00:21:47","slug":"astudillo-el-fuero-no-debe-proteger-a-funcionarios-que-cometan-abusos","status":"publish","type":"post","link":"https:\/\/www.interaccionnoticias.com.mx\/?p=2082","title":{"rendered":"Astudillo: El fuero no debe proteger a funcionarios que cometan abusos"},"content":{"rendered":"<p>El gobernador H\u00e9ctor Astudillo Flores reconoci\u00f3 que el fuero constitucional no debe utilizarse para proteger a servidores p\u00fablicos que incurran en conductas il\u00edcitas.<br \/>\nCuestionado sobre la propuesta que plantean las fracciones parlamentarias del PRD y Movimiento Ciudadano (MC) en el Congreso local, en el sentido de desaparecer la figura del fuero constitucional, el gobernador Astudillo Flores sostuvo que se trata de un tema que est\u00e1 en el \u00e1mbito del Congreso local.<br \/>\nDe hecho, record\u00f3 que ya hubo modificaciones legales y que oficialmente el fuero ya no tiene dicha denominaci\u00f3n.<br \/>\nAgreg\u00f3: \u201cYo no estoy de acuerdo en que el fuero sirva para protegerse en caso &nbsp;de alg\u00fan abuso\u201d.<br \/>\nSin embargo, record\u00f3 que la figura legal est\u00e1 vigente en funci\u00f3n de la necesidad que existe de proteger lo que dicen los representantes populares.<br \/>\nPor esa raz\u00f3n, indic\u00f3 que ser\u00e1 interesante conocer la determinaci\u00f3n que asuman los integrantes del Poder Legislativo, en donde la mayor\u00eda de las fuerzas pol\u00edticas del estado tienen una representaci\u00f3n formal, de tal suerte que est\u00e1n en condiciones de aportar sus puntos de vista a la discusi\u00f3n que ya se da en todo el pa\u00eds.<\/p>\n","protected":false},"excerpt":{"rendered":"<p>El gobernador H\u00e9ctor Astudillo Flores reconoci\u00f3 que el fuero constitucional no debe utilizarse para proteger a servidores p\u00fablicos que incurran en conductas il\u00edcitas. Cuestionado sobre la propuesta que plantean las&hellip; <\/p>\n","protected":false},"author":1,"featured_media":0,"comment_status":"open","ping_status":"open","sticky":false,"template":"","format":"standard","meta":{"fifu_image_url":"","fifu_image_alt":"","footnotes":""},"categories":[8,11],"tags":[],"class_list":["post-2082","post","type-post","status-publish","format-standard","hentry","category-featured","category-guerrero"],"_links":{"self":[{"href":"https:\/\/www.interaccionnoticias.com.mx\/index.php?rest_route=\/wp\/v2\/posts\/2082","targetHints":{"allow":["GET"]}}],"collection":[{"href":"https:\/\/www.interaccionnoticias.com.mx\/index.php?rest_route=\/wp\/v2\/posts"}],"about":[{"href":"https:\/\/www.interaccionnoticias.com.mx\/index.php?rest_route=\/wp\/v2\/types\/post"}],"author":[{"embeddable":true,"href":"https:\/\/www.interaccionnoticias.com.mx\/index.php?rest_route=\/wp\/v2\/users\/1"}],"replies":[{"embeddable":true,"href":"https:\/\/www.interaccionnoticias.com.mx\/index.php?rest_route=%2Fwp%2Fv2%2Fcomments&post=2082"}],"version-history":[{"count":0,"href":"https:\/\/www.interaccionnoticias.com.mx\/index.php?rest_route=\/wp\/v2\/posts\/2082\/revisions"}],"wp:attachment":[{"href":"https:\/\/www.interaccionnoticias.com.mx\/index.php?rest_route=%2Fwp%2Fv2%2Fmedia&parent=2082"}],"wp:term":[{"taxonomy":"category","embeddable":true,"href":"https:\/\/www.interaccionnoticias.com.mx\/index.php?rest_route=%2Fwp%2Fv2%2Fcategories&post=2082"},{"taxonomy":"post_tag","embeddable":true,"href":"https:\/\/www.interaccionnoticias.com.mx\/index.php?rest_route=%2Fwp%2Fv2%2Ftags&post=2082"}],"curies":[{"name":"wp","href":"https:\/\/api.w.org\/{rel}","templated":true}]}}