{"id":2078,"date":"2017-02-14T17:40:22","date_gmt":"2017-02-14T23:40:22","guid":{"rendered":"http:\/\/www.inter-accion.com.mx\/?p=2078"},"modified":"2017-02-14T17:40:22","modified_gmt":"2017-02-14T23:40:22","slug":"orden-de-aprehension-contra-lider-que-descubrio-la-no-distribucion-de-ayuda-humanitaria-en-2014","status":"publish","type":"post","link":"https:\/\/www.interaccionnoticias.com.mx\/?p=2078","title":{"rendered":"Orden de aprehensi\u00f3n contra l\u00edder que descubri\u00f3 la no distribuci\u00f3n de ayuda humanitaria en 2014"},"content":{"rendered":"<p>Se trata de las despensas que estaban abandonadas en almac\u00e9n central del DIF&nbsp;<br \/>\n&nbsp;<br \/>\nTres a\u00f1os despu\u00e9s, el Poder Judicial local liber\u00f3 una orden de aprehensi\u00f3n contra Nicol\u00e1s Ch\u00e1vez Adame, el dirigente social que irrumpi\u00f3 en el almac\u00e9n central del DIF para descubrir que miles de toneladas de ayuda humanitaria nunca fueron distribuidas entre los damnificados por la tormenta tropical Manuel y el Hurac\u00e1n Ingrid.&nbsp;&nbsp;&nbsp;<br \/>\nNicol\u00e1s Chavez Adame, l\u00edder de la Asamblea Popular de los Pueblos de Guerrero (APPG), Nicol\u00e1s Ch\u00e1vez Adame, dijo que la jornada del 5 de febrero, como parte del movimiento social en la entidad, tom\u00f3 parte de una mesa de dialogo que se desarroll\u00f3 con el gobernador H\u00e9ctor Astudillo Flores.<br \/>\nEl dirigente sostuvo que la relaci\u00f3n de asuntos se desahogaba en buenos t\u00e9rminos, hasta que se lleg\u00f3 al punto en que las organizaciones demandaban la destituci\u00f3n del titular de la Secretar\u00eda de Educaci\u00f3n Guerrero (SEG), Jos\u00e9 Luis Gonz\u00e1lez de la Vega Otero.<br \/>\nIndic\u00f3 que el gobernador consider\u00f3 que dicha petici\u00f3n ten\u00eda su origen en un problema de tipo personal que existe entre Ch\u00e1vez Adame y el titular de la SEG, a partir de la confrontaci\u00f3n pol\u00edtica que sostuvieron durante la administraci\u00f3n de Carlos Zeferino Torreblanca Galindo, cuando \u00e9l sostuvo un plant\u00f3n de casi dos a\u00f1os en las oficinas centrales de dicha dependencia.<br \/>\n\u201cMe dijo que \u00e9l no se meter\u00eda en un pleito personal\u201d, indic\u00f3 el l\u00edder de la APPG.<br \/>\nOtro de los puntos que generaron fricciones entre la administraci\u00f3n estatal y las organizaciones, fue el relacionado con la versi\u00f3n de que hay funcionarios de la administraci\u00f3n p\u00fablica relacionados con la delincuencia, de lo que se solicitaron pruebas que los dirigentes no pudieron presentar.<br \/>\nLa orden de aprehensi\u00f3n que se reactiv\u00f3 en el Poder Judicial local, tiene que ver con una irrupci\u00f3n que Ch\u00e1vez Adame protagoniz\u00f3 en el almac\u00e9n general del DIF-Guerrero, en febrero de 2014, cuando se descubrieron miles de toneladas de ayuda humanitaria que nunca lleg\u00f3 a los damnificados por la tormenta tropical Manuel y el Hurac\u00e1n Ingrid.<br \/>\nEl 11 de febrero de 2014, Ch\u00e1vez irrumpi\u00f3 en el almac\u00e9n central del DIF, ubicado en la colonia Jardines del Sur y junto con varios integrantes de la APPG encontraron apiladas miles de toneladas de ayuda humanitaria, de la que parte importante ya estaba en mal estado.<br \/>\nEl descubrimiento gener\u00f3 malestar social en todo el pa\u00eds, principalmente en las fundaciones que hicieron el esfuerzo de enviar ayuda para los guerrerenses que resultaron afectados por las lluvias del 14, 15 y 16 de septiembre.<br \/>\nLa administraci\u00f3n del entonces gobernador, Angel Aguirre Rivero promovi\u00f3 una denuncia penal contra el dirigente de la Asamblea Popular, la cual se emiti\u00f3 tres a\u00f1os despu\u00e9s de la irrupci\u00f3n, lo que el dirigente consider\u00f3 como irregular.<\/p>\n","protected":false},"excerpt":{"rendered":"<p>Se trata de las despensas que estaban abandonadas en almac\u00e9n central del DIF&nbsp; &nbsp; Tres a\u00f1os despu\u00e9s, el Poder Judicial local liber\u00f3 una orden de aprehensi\u00f3n contra Nicol\u00e1s Ch\u00e1vez Adame,&hellip; <\/p>\n","protected":false},"author":1,"featured_media":0,"comment_status":"open","ping_status":"open","sticky":false,"template":"","format":"standard","meta":{"fifu_image_url":"","fifu_image_alt":"","footnotes":""},"categories":[8,15],"tags":[],"class_list":["post-2078","post","type-post","status-publish","format-standard","hentry","category-featured","category-movimientos-sociales"],"_links":{"self":[{"href":"https:\/\/www.interaccionnoticias.com.mx\/index.php?rest_route=\/wp\/v2\/posts\/2078","targetHints":{"allow":["GET"]}}],"collection":[{"href":"https:\/\/www.interaccionnoticias.com.mx\/index.php?rest_route=\/wp\/v2\/posts"}],"about":[{"href":"https:\/\/www.interaccionnoticias.com.mx\/index.php?rest_route=\/wp\/v2\/types\/post"}],"author":[{"embeddable":true,"href":"https:\/\/www.interaccionnoticias.com.mx\/index.php?rest_route=\/wp\/v2\/users\/1"}],"replies":[{"embeddable":true,"href":"https:\/\/www.interaccionnoticias.com.mx\/index.php?rest_route=%2Fwp%2Fv2%2Fcomments&post=2078"}],"version-history":[{"count":0,"href":"https:\/\/www.interaccionnoticias.com.mx\/index.php?rest_route=\/wp\/v2\/posts\/2078\/revisions"}],"wp:attachment":[{"href":"https:\/\/www.interaccionnoticias.com.mx\/index.php?rest_route=%2Fwp%2Fv2%2Fmedia&parent=2078"}],"wp:term":[{"taxonomy":"category","embeddable":true,"href":"https:\/\/www.interaccionnoticias.com.mx\/index.php?rest_route=%2Fwp%2Fv2%2Fcategories&post=2078"},{"taxonomy":"post_tag","embeddable":true,"href":"https:\/\/www.interaccionnoticias.com.mx\/index.php?rest_route=%2Fwp%2Fv2%2Ftags&post=2078"}],"curies":[{"name":"wp","href":"https:\/\/api.w.org\/{rel}","templated":true}]}}