{"id":2071,"date":"2017-02-14T16:23:57","date_gmt":"2017-02-14T22:23:57","guid":{"rendered":"http:\/\/www.inter-accion.com.mx\/?p=2071"},"modified":"2017-02-14T16:23:57","modified_gmt":"2017-02-14T22:23:57","slug":"mega-operativo-de-limpieza-en-chilpancingo","status":"publish","type":"post","link":"https:\/\/www.interaccionnoticias.com.mx\/?p=2071","title":{"rendered":"Mega operativo de limpieza en Chilpancingo"},"content":{"rendered":"<p>Para revertir la llamada crisis de la basura<br \/>\nTras la denominada crisis de la basura, el ayuntamiento de Chilpancingo anunci\u00f3 un mega operativo de limpieza en la ciudad, el cual comenzar\u00e1 la ma\u00f1ana del s\u00e1bado 18 de febrero en la plaza central.<br \/>\nMarco Antonio Leyva Mena, presidente municipal de Chilpancingo, indic\u00f3 que desde el inicio de esta semana se ha dado a la tarea de convocar a todas las organizaciones, asociaciones civiles y clubes que tienen presencia en la capital de Guerrero y que han manifestado preocupaci\u00f3n por el problema que representa la ausencia de un relleno sanitario que permita dar salida a m\u00e1s de 400 toneladas de desechos que se generan diariamente en la ciudad.<br \/>\nEn ese sentido, dijo que la ma\u00f1ana del s\u00e1bado a partir de las 07:30 horas, las organizaciones que respondan positivamente a la invitaci\u00f3n se concentrar\u00e1n en la plaza central Primer Congreso de An\u00e1huac.<br \/>\nLa convocatoria se hace en dicho lugar, porque es ah\u00ed donde se vivi\u00f3 la etapa m\u00e1s cr\u00edtica despu\u00e9s de que el 19 de enero se clausurara el relleno sanitario que operaba en la colonia La Cinca, en el lado sur de la ciudad.<br \/>\nEl no contar con un espacio en el que se pudieran descargar los desechos, provoc\u00f3 que por lo menos 90 camionetas recolectoras pasaran 48 horas estacionadas en el z\u00f3calo, lo que se consider\u00f3 como un gigantesco foco de infecci\u00f3n.<br \/>\nDurante las primeras horas se realizar\u00e1 un trabajo de limpieza en el primer cuadro de la ciudad, en dicha tarea estar\u00e1n involucradas &nbsp;todas las unidades de carga que el gobierno municipal tiene a su disposici\u00f3n.<br \/>\nDespu\u00e9s las actividades se extender\u00e1n hacia las colonias populares en las que se tenga el reporte de mayor concentraci\u00f3n de basura, para ir liberando los espacios p\u00fablicos que la poblaci\u00f3n considere m\u00e1s apremiantes.<br \/>\nEl primer edil reconoci\u00f3 que en estos momentos Chilpancingo enfrenta un momento sumamente complicado, ya que contar con un espacio que permita desfogar la basura es fundamental, sin embargo, el asunto no se abord\u00f3 como deb\u00eda desde hace varios a\u00f1os.<br \/>\nBajo dicha circunstancia, refiri\u00f3 que el operativo contra la basura tiene la intenci\u00f3n de involucrar a la poblaci\u00f3n en la soluci\u00f3n de un problema que reclama la participaci\u00f3n de todos, para que sociedad y gobiernos aborden la problem\u00e1tica desde una perspectiva integral.<br \/>\nAgreg\u00f3 que pretende impulsar la firma de acuerdos con las escuelas de la ciudad, para que desde ah\u00ed se fomente la clasificaci\u00f3n de los desechos en org\u00e1nicos e inorg\u00e1nicos.<br \/>\nIncluso, dijo que se pondr\u00e1 en marcha la aplicaci\u00f3n de est\u00edmulos en el cobro de impuestos a los habitantes de las colonias m\u00e1s limpias.<\/p>\n","protected":false},"excerpt":{"rendered":"<p>Para revertir la llamada crisis de la basura Tras la denominada crisis de la basura, el ayuntamiento de Chilpancingo anunci\u00f3 un mega operativo de limpieza en la ciudad, el cual&hellip; <\/p>\n","protected":false},"author":1,"featured_media":0,"comment_status":"open","ping_status":"open","sticky":false,"template":"","format":"standard","meta":{"fifu_image_url":"","fifu_image_alt":"","footnotes":""},"categories":[13,8],"tags":[],"class_list":["post-2071","post","type-post","status-publish","format-standard","hentry","category-capital","category-featured"],"_links":{"self":[{"href":"https:\/\/www.interaccionnoticias.com.mx\/index.php?rest_route=\/wp\/v2\/posts\/2071","targetHints":{"allow":["GET"]}}],"collection":[{"href":"https:\/\/www.interaccionnoticias.com.mx\/index.php?rest_route=\/wp\/v2\/posts"}],"about":[{"href":"https:\/\/www.interaccionnoticias.com.mx\/index.php?rest_route=\/wp\/v2\/types\/post"}],"author":[{"embeddable":true,"href":"https:\/\/www.interaccionnoticias.com.mx\/index.php?rest_route=\/wp\/v2\/users\/1"}],"replies":[{"embeddable":true,"href":"https:\/\/www.interaccionnoticias.com.mx\/index.php?rest_route=%2Fwp%2Fv2%2Fcomments&post=2071"}],"version-history":[{"count":0,"href":"https:\/\/www.interaccionnoticias.com.mx\/index.php?rest_route=\/wp\/v2\/posts\/2071\/revisions"}],"wp:attachment":[{"href":"https:\/\/www.interaccionnoticias.com.mx\/index.php?rest_route=%2Fwp%2Fv2%2Fmedia&parent=2071"}],"wp:term":[{"taxonomy":"category","embeddable":true,"href":"https:\/\/www.interaccionnoticias.com.mx\/index.php?rest_route=%2Fwp%2Fv2%2Fcategories&post=2071"},{"taxonomy":"post_tag","embeddable":true,"href":"https:\/\/www.interaccionnoticias.com.mx\/index.php?rest_route=%2Fwp%2Fv2%2Ftags&post=2071"}],"curies":[{"name":"wp","href":"https:\/\/api.w.org\/{rel}","templated":true}]}}