{"id":2055,"date":"2017-02-13T20:53:05","date_gmt":"2017-02-14T02:53:05","guid":{"rendered":"http:\/\/www.inter-accion.com.mx\/?p=2055"},"modified":"2017-02-13T20:53:05","modified_gmt":"2017-02-14T02:53:05","slug":"se-prende-nuevamente-el-veladero","status":"publish","type":"post","link":"https:\/\/www.interaccionnoticias.com.mx\/?p=2055","title":{"rendered":"Se prende nuevamente el Veladero"},"content":{"rendered":"<p>*Sin riesgo para los habitantes<br \/>\n*M\u00e1s tarde buscar\u00e1n sofocarlo<br \/>\nAcapulco, Gro.- La tarde de este lunes, nuevamente se incendi\u00f3 el parque Nacional El Veladero, por la colonia Mar\u00eda de la O, y personal de Protecci\u00f3n Civil y Bomberos fueron desplazados para controlarlo y posteriormente sofocarlo.<br \/>\nSe asegura que a las 15:16 horas se reanud\u00f3 el incendio, luego de m\u00e1s de 24 horas de haber sido extinguido, por la zona de la colonia Mar\u00eda de la O, por lo que los bomberos buscan sofocar la conflagraci\u00f3n.<br \/>\nSe advierte a trav\u00e9s de un aviso a la poblaci\u00f3n que no se pone en riesgo ninguna vivienda y tampoco vidas humanas, pero a los pobladores del \u00e1rea se les invita a permanecer atentos.<br \/>\nEl s\u00e1bado y domingo, un incendio en la parte alta del Veladero, que circunda cuatro colonias, siniestr\u00f3 m\u00e1s de 50 hect\u00e1reas, las cuales fueron apagadas con la participaci\u00f3n de m\u00e1s de 120 brigadistas de la Sedena, Protecci\u00f3n Civil del municipio y del Estado, as\u00ed como de la Conafor.<\/p>\n","protected":false},"excerpt":{"rendered":"<p>*Sin riesgo para los habitantes *M\u00e1s tarde buscar\u00e1n sofocarlo Acapulco, Gro.- La tarde de este lunes, nuevamente se incendi\u00f3 el parque Nacional El Veladero, por la colonia Mar\u00eda de la&hellip; <\/p>\n","protected":false},"author":1,"featured_media":0,"comment_status":"open","ping_status":"open","sticky":false,"template":"","format":"standard","meta":{"fifu_image_url":"","fifu_image_alt":"","footnotes":""},"categories":[8,23],"tags":[],"class_list":["post-2055","post","type-post","status-publish","format-standard","hentry","category-featured","category-regionales"],"_links":{"self":[{"href":"https:\/\/www.interaccionnoticias.com.mx\/index.php?rest_route=\/wp\/v2\/posts\/2055","targetHints":{"allow":["GET"]}}],"collection":[{"href":"https:\/\/www.interaccionnoticias.com.mx\/index.php?rest_route=\/wp\/v2\/posts"}],"about":[{"href":"https:\/\/www.interaccionnoticias.com.mx\/index.php?rest_route=\/wp\/v2\/types\/post"}],"author":[{"embeddable":true,"href":"https:\/\/www.interaccionnoticias.com.mx\/index.php?rest_route=\/wp\/v2\/users\/1"}],"replies":[{"embeddable":true,"href":"https:\/\/www.interaccionnoticias.com.mx\/index.php?rest_route=%2Fwp%2Fv2%2Fcomments&post=2055"}],"version-history":[{"count":0,"href":"https:\/\/www.interaccionnoticias.com.mx\/index.php?rest_route=\/wp\/v2\/posts\/2055\/revisions"}],"wp:attachment":[{"href":"https:\/\/www.interaccionnoticias.com.mx\/index.php?rest_route=%2Fwp%2Fv2%2Fmedia&parent=2055"}],"wp:term":[{"taxonomy":"category","embeddable":true,"href":"https:\/\/www.interaccionnoticias.com.mx\/index.php?rest_route=%2Fwp%2Fv2%2Fcategories&post=2055"},{"taxonomy":"post_tag","embeddable":true,"href":"https:\/\/www.interaccionnoticias.com.mx\/index.php?rest_route=%2Fwp%2Fv2%2Ftags&post=2055"}],"curies":[{"name":"wp","href":"https:\/\/api.w.org\/{rel}","templated":true}]}}