{"id":2040,"date":"2017-02-13T20:30:14","date_gmt":"2017-02-14T02:30:14","guid":{"rendered":"http:\/\/www.inter-accion.com.mx\/?p=2040"},"modified":"2017-02-13T20:30:14","modified_gmt":"2017-02-14T02:30:14","slug":"recluta-el-crimen-organizado-cada-vez-a-mas-jovencitos","status":"publish","type":"post","link":"https:\/\/www.interaccionnoticias.com.mx\/?p=2040","title":{"rendered":"Recluta el crimen organizado cada vez a m\u00e1s jovencitos"},"content":{"rendered":"<p>El vocero del Grupo de Coordinaci\u00f3n Guerrero (GCG), Roberto Alvarez Heredia sostuvo que el crimen organizado recluta cada vez a m\u00e1s jovencitos, lo que se confirma con las detenciones realizadas la tarde del domingo en Zihuatanejo, en donde siete varones de entre 18 y 20 a\u00f1os ostentaba armas de muy grueso calibre.<br \/>\nEn Chilpancingo, Alvarez Heredia record\u00f3 que la jornada del domingo, en la cabecera municipal de Zihuatanejo, en la regi\u00f3n de la Costa Grande se logr\u00f3 la ubicaci\u00f3n de una casa de seguridad en la que hab\u00eda diez personas; siete hombres y res mujeres con armas de alto poder, entre rifles AK-47, R-15, granadas y dem\u00e1s elementos que utilizan los grupos del crimen organizado. &nbsp;<br \/>\n\u201cNos llama la atenci\u00f3n, que los grupos delictivos cada vez se componen con m\u00e1s j\u00f3venes, cada d\u00eda son m\u00e1s los j\u00f3venes que se incorporan a este tipo de organizaciones\u201d, anot\u00f3.<br \/>\nExplico que la mayor\u00eda de los pistoleros que se han detectado, tienen edades que van de los 18 a los 21 a\u00f1os de edad.<br \/>\nEl fen\u00f3meno, dijo que es producto de la falta de expectativas de desarrollo que hay para la poblaci\u00f3n juvenil, particularmente en algunas zonas de la Sierra.<br \/>\nA la par, indic\u00f3 que hay una fragmentaci\u00f3n de la bandas y que a mayor\u00eda se nutren cada vez m\u00e1s de gente joven, los que para hacerse notar ejercen acciones de extrema violencia.<br \/>\n\u201cTenemos entre las causas la falta de oportunidades, la falta de educaci\u00f3n y valores, que hace que existan muchos j\u00f3venes que se sumen a grupos que cuentan con armamento de muy grueso calibre, en algunos casos hemos detectado menores de edad\u201d, refiri\u00f3.<\/p>\n","protected":false},"excerpt":{"rendered":"<p>El vocero del Grupo de Coordinaci\u00f3n Guerrero (GCG), Roberto Alvarez Heredia sostuvo que el crimen organizado recluta cada vez a m\u00e1s jovencitos, lo que se confirma con las detenciones realizadas&hellip; <\/p>\n","protected":false},"author":1,"featured_media":0,"comment_status":"open","ping_status":"open","sticky":false,"template":"","format":"standard","meta":{"fifu_image_url":"","fifu_image_alt":"","footnotes":""},"categories":[8,27],"tags":[],"class_list":["post-2040","post","type-post","status-publish","format-standard","hentry","category-featured","category-seguridad-publica"],"_links":{"self":[{"href":"https:\/\/www.interaccionnoticias.com.mx\/index.php?rest_route=\/wp\/v2\/posts\/2040","targetHints":{"allow":["GET"]}}],"collection":[{"href":"https:\/\/www.interaccionnoticias.com.mx\/index.php?rest_route=\/wp\/v2\/posts"}],"about":[{"href":"https:\/\/www.interaccionnoticias.com.mx\/index.php?rest_route=\/wp\/v2\/types\/post"}],"author":[{"embeddable":true,"href":"https:\/\/www.interaccionnoticias.com.mx\/index.php?rest_route=\/wp\/v2\/users\/1"}],"replies":[{"embeddable":true,"href":"https:\/\/www.interaccionnoticias.com.mx\/index.php?rest_route=%2Fwp%2Fv2%2Fcomments&post=2040"}],"version-history":[{"count":0,"href":"https:\/\/www.interaccionnoticias.com.mx\/index.php?rest_route=\/wp\/v2\/posts\/2040\/revisions"}],"wp:attachment":[{"href":"https:\/\/www.interaccionnoticias.com.mx\/index.php?rest_route=%2Fwp%2Fv2%2Fmedia&parent=2040"}],"wp:term":[{"taxonomy":"category","embeddable":true,"href":"https:\/\/www.interaccionnoticias.com.mx\/index.php?rest_route=%2Fwp%2Fv2%2Fcategories&post=2040"},{"taxonomy":"post_tag","embeddable":true,"href":"https:\/\/www.interaccionnoticias.com.mx\/index.php?rest_route=%2Fwp%2Fv2%2Ftags&post=2040"}],"curies":[{"name":"wp","href":"https:\/\/api.w.org\/{rel}","templated":true}]}}