{"id":2037,"date":"2017-02-13T20:28:36","date_gmt":"2017-02-14T02:28:36","guid":{"rendered":"http:\/\/www.inter-accion.com.mx\/?p=2037"},"modified":"2017-02-13T20:28:36","modified_gmt":"2017-02-14T02:28:36","slug":"insiste-alcalde-de-chilpancingo-en-que-policias-y-militares-no-deben-tener-veto-en-petaquillas","status":"publish","type":"post","link":"https:\/\/www.interaccionnoticias.com.mx\/?p=2037","title":{"rendered":"Insiste alcalde de Chilpancingo, en que polic\u00edas y militares no deben tener veto en Petaquillas"},"content":{"rendered":"<p>No deben existir \u00ednsulas en las que las autoridades no puedan circular<br \/>\n&nbsp;<br \/>\nEl alcalde de Chilpancingo, Marco Antonio Leyva Mena sostuvo que polic\u00edas y militares no deben tener veto para realizar patrullajes en la comunidad de Petaquillas, en donde grupos extra\u00f1os insisten en mantenerlo como una \u00ednsula.&nbsp;<br \/>\nEl primer edil habl\u00f3 en torno a la situaci\u00f3n que prevalece en Petaquillas, localidad en la que la semana pasada, los integrantes de la Polic\u00eda Comunitaria (PC) solicitaron la salida de personal del Ej\u00e9rcito Mexicano, de la Polic\u00eda Federal (PF) y del Estado.<br \/>\nComent\u00f3 que este lunes sostendr\u00eda una reuni\u00f3n con el comisario del lugar, para efecto de preguntar cual es la causa del problema que se ha planteado con insistencia, para establecer cual es el origen de la inquietud ciudadana.<br \/>\nIndic\u00f3 que si el problema principal es la inseguridad, lo que se har\u00e1 es integrar una Polic\u00eda Comunitaria (PC) como sucedi\u00f3 en la comunidad de El Ocotito, en donde cada grupo de la fuerza de seguridad interna se eligi\u00f3 en asambleas celebradas en barrios y colonias.<br \/>\nIndic\u00f3 que hay grupos en la comunidad de Petaquillas, que se mantienen en el inter\u00e9s de que dicha localidad se consolide como una \u00ednsula en la que no pase ninguna autoridad.<br \/>\nEn consecuencia, dijo que la intenci\u00f3n de dialogar, va en el sentido de convencer a los pobladores de que en todo el territorio nacional no tienen porque existir zonas de excepci\u00f3n.<br \/>\nDe esa manera, indic\u00f3 que la pretensi\u00f3n del municipio es garantizar que haya un libre tr\u00e1nsito para las autoridades de los tres niveles de gobierno.<\/p>\n","protected":false},"excerpt":{"rendered":"<p>No deben existir \u00ednsulas en las que las autoridades no puedan circular &nbsp; El alcalde de Chilpancingo, Marco Antonio Leyva Mena sostuvo que polic\u00edas y militares no deben tener veto&hellip; <\/p>\n","protected":false},"author":1,"featured_media":0,"comment_status":"open","ping_status":"open","sticky":false,"template":"","format":"standard","meta":{"fifu_image_url":"","fifu_image_alt":"","footnotes":""},"categories":[13,8],"tags":[],"class_list":["post-2037","post","type-post","status-publish","format-standard","hentry","category-capital","category-featured"],"_links":{"self":[{"href":"https:\/\/www.interaccionnoticias.com.mx\/index.php?rest_route=\/wp\/v2\/posts\/2037","targetHints":{"allow":["GET"]}}],"collection":[{"href":"https:\/\/www.interaccionnoticias.com.mx\/index.php?rest_route=\/wp\/v2\/posts"}],"about":[{"href":"https:\/\/www.interaccionnoticias.com.mx\/index.php?rest_route=\/wp\/v2\/types\/post"}],"author":[{"embeddable":true,"href":"https:\/\/www.interaccionnoticias.com.mx\/index.php?rest_route=\/wp\/v2\/users\/1"}],"replies":[{"embeddable":true,"href":"https:\/\/www.interaccionnoticias.com.mx\/index.php?rest_route=%2Fwp%2Fv2%2Fcomments&post=2037"}],"version-history":[{"count":0,"href":"https:\/\/www.interaccionnoticias.com.mx\/index.php?rest_route=\/wp\/v2\/posts\/2037\/revisions"}],"wp:attachment":[{"href":"https:\/\/www.interaccionnoticias.com.mx\/index.php?rest_route=%2Fwp%2Fv2%2Fmedia&parent=2037"}],"wp:term":[{"taxonomy":"category","embeddable":true,"href":"https:\/\/www.interaccionnoticias.com.mx\/index.php?rest_route=%2Fwp%2Fv2%2Fcategories&post=2037"},{"taxonomy":"post_tag","embeddable":true,"href":"https:\/\/www.interaccionnoticias.com.mx\/index.php?rest_route=%2Fwp%2Fv2%2Ftags&post=2037"}],"curies":[{"name":"wp","href":"https:\/\/api.w.org\/{rel}","templated":true}]}}