{"id":2001,"date":"2017-02-12T21:36:52","date_gmt":"2017-02-13T03:36:52","guid":{"rendered":"http:\/\/www.inter-accion.com.mx\/?p=2001"},"modified":"2017-02-12T21:36:52","modified_gmt":"2017-02-13T03:36:52","slug":"nueva-queja-por-predio-donde-se-recibe-la-basura-de-chilpancingo","status":"publish","type":"post","link":"https:\/\/www.interaccionnoticias.com.mx\/?p=2001","title":{"rendered":"Nueva queja por predio donde se recibe la basura de Chilpancingo"},"content":{"rendered":"<p><span style=\"font-weight: 400;\">Vecinos del predio habilitado como \u201ccentro de transferencia\u201d de residuos s\u00f3lidos, en Tierras Prietas, denunciaron que no fueron consultados por el due\u00f1o de la propiedad, para que el espacio fuera utilizado para albergar las toneladas de basura producidas en la capital. <\/span><br \/>\n<span style=\"font-weight: 400;\">El terreno se abri\u00f3 desde hace m\u00e1s de 8 d\u00edas, y es de uso exclusivo de las camionetas recolectoras del servicio privado, y se encuentra cerca del crucero hacia Tixtla, por el nuevo libramiento. <\/span><br \/>\n<span style=\"font-weight: 400;\">Seg\u00fan vecinos que habitan en el predio, el due\u00f1o hizo tratos con el gobierno municipal que preside el priista Marco Antonio Leyva Mena, para que el sitio albergara los residuos s\u00f3lidos durante 8 meses, en tanto se lograba adquirir un predio y certificarlo ante las autoridades ambientalistas, para ser convertido en sitio de disposici\u00f3n final. <\/span><br \/>\n<span style=\"font-weight: 400;\">El mismo Leyva Mena, en d\u00edas pasados asegur\u00f3 que al due\u00f1o de la propiedad privada \u201cColonia Tierras Prietas Rotaria\u201d, el ayuntamiento pagar\u00eda una cantidad de 60 mil pesos mensuales, casi medio mill\u00f3n de pesos hasta el mes de septiembre. <\/span><br \/>\n<span style=\"font-weight: 400;\">Durante una visita al lugar, se pudo comprobar la presencia de unas 500 toneladas de basura, y hermetismo de parte de las personas que ah\u00ed habitan. <\/span><br \/>\n<span style=\"font-weight: 400;\">Aunado a esa inconformidad de algunos vecinos, se suma que el titular de la Procuradur\u00eda de Protecci\u00f3n Ecol\u00f3gica del Estado de Guerrero (PROPEG), Jos\u00e9 P\u00e9rez Victoriano haya informado hace algunos d\u00edas que no abrir\u00e1 ning\u00fan proceso sancionatorio contra el Ayuntamiento de Chilpancingo, como \u201csolidaridad\u201d y para no entorpecer en las acciones para que este, erradique la crisis generada por la basura. <\/span><\/p>\n","protected":false},"excerpt":{"rendered":"<p>Vecinos del predio habilitado como \u201ccentro de transferencia\u201d de residuos s\u00f3lidos, en Tierras Prietas, denunciaron que no fueron consultados por el due\u00f1o de la propiedad, para que el espacio fuera&hellip; <\/p>\n","protected":false},"author":1,"featured_media":0,"comment_status":"open","ping_status":"open","sticky":false,"template":"","format":"standard","meta":{"fifu_image_url":"","fifu_image_alt":"","footnotes":""},"categories":[8,23],"tags":[],"class_list":["post-2001","post","type-post","status-publish","format-standard","hentry","category-featured","category-regionales"],"_links":{"self":[{"href":"https:\/\/www.interaccionnoticias.com.mx\/index.php?rest_route=\/wp\/v2\/posts\/2001","targetHints":{"allow":["GET"]}}],"collection":[{"href":"https:\/\/www.interaccionnoticias.com.mx\/index.php?rest_route=\/wp\/v2\/posts"}],"about":[{"href":"https:\/\/www.interaccionnoticias.com.mx\/index.php?rest_route=\/wp\/v2\/types\/post"}],"author":[{"embeddable":true,"href":"https:\/\/www.interaccionnoticias.com.mx\/index.php?rest_route=\/wp\/v2\/users\/1"}],"replies":[{"embeddable":true,"href":"https:\/\/www.interaccionnoticias.com.mx\/index.php?rest_route=%2Fwp%2Fv2%2Fcomments&post=2001"}],"version-history":[{"count":0,"href":"https:\/\/www.interaccionnoticias.com.mx\/index.php?rest_route=\/wp\/v2\/posts\/2001\/revisions"}],"wp:attachment":[{"href":"https:\/\/www.interaccionnoticias.com.mx\/index.php?rest_route=%2Fwp%2Fv2%2Fmedia&parent=2001"}],"wp:term":[{"taxonomy":"category","embeddable":true,"href":"https:\/\/www.interaccionnoticias.com.mx\/index.php?rest_route=%2Fwp%2Fv2%2Fcategories&post=2001"},{"taxonomy":"post_tag","embeddable":true,"href":"https:\/\/www.interaccionnoticias.com.mx\/index.php?rest_route=%2Fwp%2Fv2%2Ftags&post=2001"}],"curies":[{"name":"wp","href":"https:\/\/api.w.org\/{rel}","templated":true}]}}