{"id":1995,"date":"2017-02-12T21:30:21","date_gmt":"2017-02-13T03:30:21","guid":{"rendered":"http:\/\/www.inter-accion.com.mx\/?p=1995"},"modified":"2017-02-12T21:30:21","modified_gmt":"2017-02-13T03:30:21","slug":"reprobable-exoneracion-de-tomas-zeron-de-lucio-de-responsabilidad-penal-en-caso-ayotzinapa","status":"publish","type":"post","link":"https:\/\/www.interaccionnoticias.com.mx\/?p=1995","title":{"rendered":"Reprobable exoneraci\u00f3n de Tom\u00e1s Zer\u00f3n de Lucio de responsabilidad penal en caso Ayotzinapa"},"content":{"rendered":"<div>&nbsp;Ricardo Mej\u00eda Berdeja<\/div>\n<div>&nbsp;<\/div>\n<div>* Al igual que con el fuero, la protecci\u00f3n oficial generadora de impunidad<\/div>\n<div>&nbsp;<\/div>\n<div>&nbsp;<\/div>\n<div>Chilpancingo, Guerrero a 12 de febrero de 2017.- \u00abEs reprobable y una<\/div>\n<div>se\u00f1al de impunidad la temprana exoneraci\u00f3n de la PGR a Tom\u00e1s Zer\u00f3n de Lucio de sus responsabilidades penales en el caso Ayotzinapa, es lo mismo que con el fuero, se levantan murallas de impunidad para proteger a servidores p\u00fablicos y pol\u00edticos delincuentes\u00bb, critic\u00f3 el diputado Ricardo Mej\u00eda<\/div>\n<div>&nbsp;<\/div>\n<div>Berdeja, presidente de la Comisi\u00f3n Especial para el caso Iguala \u2013 Ayotzinapa del Congreso de Guerrero. Lo anterior luego de que se diera a conocer por parte de la Procuradur\u00eda General de la Rep\u00fablica que a Tom\u00e1s Zer\u00f3n de Lucio, Ex Director de la Agencia de Investigaci\u00f3n Criminal, se\u00f1alado por sembrar evidencia en el R\u00edo San Juan, \u00fanicamente se le iniciar\u00e1 un procedimiento administrativo por sus implicaciones en la manipulaci\u00f3n y siembra de evidencia y no se emprender\u00e1n acciones de car\u00e1cter penal.<\/div>\n<div>&nbsp;<\/div>\n<div>\u00abEl de Iguala es un caso que concentra lo m\u00e1s oprobioso respecto del actuar institucional, no hay que olvidar la participaci\u00f3n de Zer\u00f3n contaminando, por decir lo menos, la escena del crimen acompa\u00f1ado de un presunto integrante del grupo criminal Guerreros Unidos all\u00e1 en el R\u00edo San Juan en Cocula para sembrar evidencias y tratar de sostener la ya desacreditada;verdad hist\u00f3rica\u201d, expres\u00f3 el legislador.<\/div>\n<div>&nbsp;<\/div>\n<div>\u201cTal pareciera que el Gobierno Federal le apuesta al olvido, la impunidad y al desgaste social en el caso del crimen cometido contra los normalistas<\/div>\n<div>de Ayotzinapa\u00bb agreg\u00f3. \u201cSe han cumplido dos a\u00f1os del crimen cometido en Iguala contra los normalistas de Ayotzinapa, las investigaciones siguen detenidas en una especie de limbo y empantanamiento en donde lo \u00fanico que cambia es el titular de las corporaciones.<\/div>\n<div>&nbsp;<\/div>\n<div>La llamada verdad hist\u00f3rica se hundi\u00f3 en sus propias falsedades, lo \u00fanico cierto es que las familias de los j\u00f3venes y los mexicanos seguimos reclamando verdad y justicia y hay impunidad\u201d reclam\u00f3 Ricardo Mej\u00eda, legislador de Movimiento Ciudadano.<\/div>\n<div>&nbsp;<\/div>\n<div>Finalmente inform\u00f3 que en los pr\u00f3ximos d\u00edas los integrantes de la Comisi\u00f3n Especial se reunir\u00e1n para fijar postura respecto al actuar de la PGR ante las irregularidades en las que incurri\u00f3 el ex director de la Agencia de Investigaci\u00f3n Criminal, toda vez que en la \u00faltima reuni\u00f3n con los responsables del caso en la Procuradur\u00eda General de Rep\u00fablica se insisti\u00f3 en determinar la responsabilidad de Tom\u00e1s Zer\u00f3n de Lucio.<\/div>\n","protected":false},"excerpt":{"rendered":"<p>&nbsp;Ricardo Mej\u00eda Berdeja &nbsp; * Al igual que con el fuero, la protecci\u00f3n oficial generadora de impunidad &nbsp; &nbsp; Chilpancingo, Guerrero a 12 de febrero de 2017.- \u00abEs reprobable y&hellip; <\/p>\n","protected":false},"author":1,"featured_media":0,"comment_status":"open","ping_status":"open","sticky":false,"template":"","format":"standard","meta":{"fifu_image_url":"","fifu_image_alt":"","footnotes":""},"categories":[2,8],"tags":[],"class_list":["post-1995","post","type-post","status-publish","format-standard","hentry","category-congreso","category-featured"],"_links":{"self":[{"href":"https:\/\/www.interaccionnoticias.com.mx\/index.php?rest_route=\/wp\/v2\/posts\/1995","targetHints":{"allow":["GET"]}}],"collection":[{"href":"https:\/\/www.interaccionnoticias.com.mx\/index.php?rest_route=\/wp\/v2\/posts"}],"about":[{"href":"https:\/\/www.interaccionnoticias.com.mx\/index.php?rest_route=\/wp\/v2\/types\/post"}],"author":[{"embeddable":true,"href":"https:\/\/www.interaccionnoticias.com.mx\/index.php?rest_route=\/wp\/v2\/users\/1"}],"replies":[{"embeddable":true,"href":"https:\/\/www.interaccionnoticias.com.mx\/index.php?rest_route=%2Fwp%2Fv2%2Fcomments&post=1995"}],"version-history":[{"count":0,"href":"https:\/\/www.interaccionnoticias.com.mx\/index.php?rest_route=\/wp\/v2\/posts\/1995\/revisions"}],"wp:attachment":[{"href":"https:\/\/www.interaccionnoticias.com.mx\/index.php?rest_route=%2Fwp%2Fv2%2Fmedia&parent=1995"}],"wp:term":[{"taxonomy":"category","embeddable":true,"href":"https:\/\/www.interaccionnoticias.com.mx\/index.php?rest_route=%2Fwp%2Fv2%2Fcategories&post=1995"},{"taxonomy":"post_tag","embeddable":true,"href":"https:\/\/www.interaccionnoticias.com.mx\/index.php?rest_route=%2Fwp%2Fv2%2Ftags&post=1995"}],"curies":[{"name":"wp","href":"https:\/\/api.w.org\/{rel}","templated":true}]}}