{"id":1992,"date":"2017-02-10T22:20:19","date_gmt":"2017-02-11T04:20:19","guid":{"rendered":"http:\/\/www.inter-accion.com.mx\/?p=1992"},"modified":"2017-02-10T22:20:19","modified_gmt":"2017-02-11T04:20:19","slug":"dos-muertos-y-un-herido-durante-la-noche-de-viernes-en-chilpancingo","status":"publish","type":"post","link":"https:\/\/www.interaccionnoticias.com.mx\/?p=1992","title":{"rendered":"Dos muertos y un herido, durante la noche de viernes en Chilpancingo"},"content":{"rendered":"<p>Dos hombres fueron asesinados y uno m\u00e1s result\u00f3 herido de bala durante la noche del viernes en Chilpancingo, capital del estado de Guerrero.<br \/>\nEl primero reporte se registr\u00f3 alrededor de las 18:30 horas, en la calle Eucalipto de la Colonia San Lucas, en donde un hombre fue asesinado a balazos.<br \/>\nLos vecinos del lugar no aportaron mayores datos en torno a las condiciones en que se suscit\u00f3 la agresi\u00f3n, la v\u00edctima fue levantada por personal del Servicio M\u00e9dico Forense (Semefo) en calidad de desconocido.<br \/>\nPara las 21:00 horas, la polic\u00eda recibi\u00f3 el reporte de que en la calle Acapulco, esquina con Iguala de la colonia Indeco, en el sector oriente de la ciudad, dos hombres sufrieron un ataque a balazos.<br \/>\nEl saldo fue de un hombre muerto y uno m\u00e1s herido de bala, el segundo fue identificado con el nombre de Ra\u00fal \u201cN\u201d, de 18 a\u00f1os y con domicilio en la colonia Real del Valle.<\/p>\n","protected":false},"excerpt":{"rendered":"<p>Dos hombres fueron asesinados y uno m\u00e1s result\u00f3 herido de bala durante la noche del viernes en Chilpancingo, capital del estado de Guerrero. El primero reporte se registr\u00f3 alrededor de&hellip; <\/p>\n","protected":false},"author":1,"featured_media":0,"comment_status":"open","ping_status":"open","sticky":false,"template":"","format":"standard","meta":{"fifu_image_url":"","fifu_image_alt":"","footnotes":""},"categories":[8,27],"tags":[],"class_list":["post-1992","post","type-post","status-publish","format-standard","hentry","category-featured","category-seguridad-publica"],"_links":{"self":[{"href":"https:\/\/www.interaccionnoticias.com.mx\/index.php?rest_route=\/wp\/v2\/posts\/1992","targetHints":{"allow":["GET"]}}],"collection":[{"href":"https:\/\/www.interaccionnoticias.com.mx\/index.php?rest_route=\/wp\/v2\/posts"}],"about":[{"href":"https:\/\/www.interaccionnoticias.com.mx\/index.php?rest_route=\/wp\/v2\/types\/post"}],"author":[{"embeddable":true,"href":"https:\/\/www.interaccionnoticias.com.mx\/index.php?rest_route=\/wp\/v2\/users\/1"}],"replies":[{"embeddable":true,"href":"https:\/\/www.interaccionnoticias.com.mx\/index.php?rest_route=%2Fwp%2Fv2%2Fcomments&post=1992"}],"version-history":[{"count":0,"href":"https:\/\/www.interaccionnoticias.com.mx\/index.php?rest_route=\/wp\/v2\/posts\/1992\/revisions"}],"wp:attachment":[{"href":"https:\/\/www.interaccionnoticias.com.mx\/index.php?rest_route=%2Fwp%2Fv2%2Fmedia&parent=1992"}],"wp:term":[{"taxonomy":"category","embeddable":true,"href":"https:\/\/www.interaccionnoticias.com.mx\/index.php?rest_route=%2Fwp%2Fv2%2Fcategories&post=1992"},{"taxonomy":"post_tag","embeddable":true,"href":"https:\/\/www.interaccionnoticias.com.mx\/index.php?rest_route=%2Fwp%2Fv2%2Ftags&post=1992"}],"curies":[{"name":"wp","href":"https:\/\/api.w.org\/{rel}","templated":true}]}}