{"id":1987,"date":"2017-02-10T19:54:15","date_gmt":"2017-02-11T01:54:15","guid":{"rendered":"http:\/\/www.inter-accion.com.mx\/?p=1987"},"modified":"2017-02-10T19:54:15","modified_gmt":"2017-02-11T01:54:15","slug":"comerciantes-amagan-con-demandar-al-ayuntamiento-de-chilpancingo","status":"publish","type":"post","link":"https:\/\/www.interaccionnoticias.com.mx\/?p=1987","title":{"rendered":"Comerciantes amagan con demandar al Ayuntamiento de Chilpancingo"},"content":{"rendered":"<p><span style=\"font-weight: 400;\">*Denuncian que la remodelaci\u00f3n de avenida Alem\u00e1n causa p\u00e9rdidas econ\u00f3micas<\/span><br \/>\n<b>Chilpancingo, 10 de febrero.- <\/b><span style=\"font-weight: 400;\">Comerciantes establecidos en un tramo de la avenida Alem\u00e1n, analizan la posibilidad de demandar al Ayuntamiento Municipal de Chilpancingo, por las p\u00e9rdidas econ\u00f3micas generadas por un proceso de remodelaci\u00f3n de la avenida.<\/span><br \/>\n<span style=\"font-weight: 400;\">Este viernes, los locatarios se reunieron en la calle Col\u00f3n, para trasladarse al Ayuntamiento Municipal de Chilpancingo, donde sostendr\u00edan una reuni\u00f3n con el alcalde Marco Antonio Leyva Mena, para debatir sobre la implementaci\u00f3n de un plan emergente, para revertir la grave situaci\u00f3n financiera de los m\u00e1s de 80 comercios establecidos en esa zona. &nbsp;<\/span><br \/>\n<span style=\"font-weight: 400;\">La representante del bloque, Karen Ter\u00e1n Sosa, se\u00f1al\u00f3 que este viernes conclu\u00eda el plazo acordado para que el gobierno municipal entregara la obra concluida, sin embargo, la construcci\u00f3n presenta un retraso considerable que ameritar\u00e1 por lo menos dos semanas m\u00e1s para su reapertura. <\/span><br \/>\n<span style=\"font-weight: 400;\">En los \u00faltimos 20 d\u00edas de tareas de remodelaci\u00f3n en la denominada \u00e1rea del bloque 4 de la avenida Alem\u00e1n, que corresponde de la calle Col\u00f3n a Pedro Ascencio, se han detenido en dos ocasiones los avances de la obra por falta de pagos de la empresa encargada. <\/span><br \/>\n<span style=\"font-weight: 400;\">El proyecto de la construcci\u00f3n, primero &nbsp;contemplaba la remodelaci\u00f3n de una de las dos aceras de la v\u00eda de circulaci\u00f3n, sin embargo se inici\u00f3 con ambas a la vez, lo que empeor\u00f3 la situaci\u00f3n econ\u00f3mica de los comercios. <\/span><br \/>\n<span style=\"font-weight: 400;\">\u201cLas cifras son grandes pero no todo es ganancia, nosotros tenemos proveedores, trabajamos bajo cr\u00e9dito tambi\u00e9n, tenemos proveedores a los que le pagamos, pagamos rentas, pagamos empleados, y tambi\u00e9n las familias de los empleados dependen de nosotros del ingreso\u201d, precis\u00f3 Karen Ter\u00e1n. <\/span><br \/>\n<span style=\"font-weight: 400;\">Ante esa situaci\u00f3n, los comerciantes organizados comenzaron a asesorarse con abogados, para ejecutar un mecanismo que permita que el ayuntamiento pague por las p\u00e9rdidas econ\u00f3micas de los m\u00e1s de 80 locales, que actualmente se encuentran pr\u00e1cticamente cerrados, desde hace aproximadamente un mes, derivado de \u201cpromesas\u201d no cumplidas. <\/span><\/p>\n","protected":false},"excerpt":{"rendered":"<p>*Denuncian que la remodelaci\u00f3n de avenida Alem\u00e1n causa p\u00e9rdidas econ\u00f3micas Chilpancingo, 10 de febrero.- Comerciantes establecidos en un tramo de la avenida Alem\u00e1n, analizan la posibilidad de demandar al Ayuntamiento&hellip; <\/p>\n","protected":false},"author":1,"featured_media":0,"comment_status":"open","ping_status":"open","sticky":false,"template":"","format":"standard","meta":{"fifu_image_url":"","fifu_image_alt":"","footnotes":""},"categories":[13,8],"tags":[],"class_list":["post-1987","post","type-post","status-publish","format-standard","hentry","category-capital","category-featured"],"_links":{"self":[{"href":"https:\/\/www.interaccionnoticias.com.mx\/index.php?rest_route=\/wp\/v2\/posts\/1987","targetHints":{"allow":["GET"]}}],"collection":[{"href":"https:\/\/www.interaccionnoticias.com.mx\/index.php?rest_route=\/wp\/v2\/posts"}],"about":[{"href":"https:\/\/www.interaccionnoticias.com.mx\/index.php?rest_route=\/wp\/v2\/types\/post"}],"author":[{"embeddable":true,"href":"https:\/\/www.interaccionnoticias.com.mx\/index.php?rest_route=\/wp\/v2\/users\/1"}],"replies":[{"embeddable":true,"href":"https:\/\/www.interaccionnoticias.com.mx\/index.php?rest_route=%2Fwp%2Fv2%2Fcomments&post=1987"}],"version-history":[{"count":0,"href":"https:\/\/www.interaccionnoticias.com.mx\/index.php?rest_route=\/wp\/v2\/posts\/1987\/revisions"}],"wp:attachment":[{"href":"https:\/\/www.interaccionnoticias.com.mx\/index.php?rest_route=%2Fwp%2Fv2%2Fmedia&parent=1987"}],"wp:term":[{"taxonomy":"category","embeddable":true,"href":"https:\/\/www.interaccionnoticias.com.mx\/index.php?rest_route=%2Fwp%2Fv2%2Fcategories&post=1987"},{"taxonomy":"post_tag","embeddable":true,"href":"https:\/\/www.interaccionnoticias.com.mx\/index.php?rest_route=%2Fwp%2Fv2%2Ftags&post=1987"}],"curies":[{"name":"wp","href":"https:\/\/api.w.org\/{rel}","templated":true}]}}