{"id":1972,"date":"2017-02-10T18:56:20","date_gmt":"2017-02-11T00:56:20","guid":{"rendered":"http:\/\/www.inter-accion.com.mx\/?p=1972"},"modified":"2017-02-10T18:56:20","modified_gmt":"2017-02-11T00:56:20","slug":"de-los-135-connacionales-deportados-de-estados-unidos-el-dia-martes-15-son-guerrerenses","status":"publish","type":"post","link":"https:\/\/www.interaccionnoticias.com.mx\/?p=1972","title":{"rendered":"De los 135 connacionales deportados de Estados Unidos el d\u00eda martes, 15 son guerrerenses."},"content":{"rendered":"<p>Chilpancingo, 10 de febrero de 2017.- El secretario de los Migrantes y Asuntos Internacionales (SEMAI), Fabi\u00e1n Morales March\u00e1n inform\u00f3 que de los 135 connacionales deportados de Estados Unidos el d\u00eda martes, 15 son guerrerenses.<br \/>\nConsultado v\u00eda telef\u00f3nica, durante una gira de trabajo en Los \u00c1ngeles, el funcionario argument\u00f3 que el Instituto Nacional de Migraci\u00f3n (INM), notific\u00f3 a la SEMAI sobre la situaci\u00f3n de 15 guerrerenses, que arribaron a la Ciudad de M\u00e9xico el pasado 7 de febrero, junto con otros 120 connacionales, tras ser deportados.<br \/>\nApunt\u00f3 que la mayor\u00eda de las 15 personas pidieron regresar a Guerrero, sin embargo, a\u00fan estaba por definirse si optaban por trasladarse hacia otros estados de la zona centro del pa\u00eds, como Morelos o incluso permanecer en la Ciudad M\u00e9xico.<br \/>\nIndic\u00f3 que hasta el momento, no hay m\u00e1s detalles sobre la situaci\u00f3n de las 15 personas y por tal raz\u00f3n el jueves pidi\u00f3 al Instituto Nacional de Migraci\u00f3n, mayor informaci\u00f3n y antecedentes de los antes citados.<br \/>\nMorales March\u00e1n, detall\u00f3 que este viernes, en compa\u00f1\u00eda del gobernador H\u00e9ctor Astudillo Flores, sostendr\u00edan una reuni\u00f3n con el c\u00f3nsul general de M\u00e9xico en Austin, Texas, Carlos Gonz\u00e1lez Guti\u00e9rrez para tratar el tema de las nuevas pol\u00edticas migratorias de Estados Unidos, que atentan con la permanencia de m\u00e1s de 600 mil guerrerenses indocumentados en ese pa\u00eds.&nbsp;<br \/>\nEl c\u00f3nsul general Gonz\u00e1lez Guti\u00e9rrez, tiene jurisdicci\u00f3n en 23 condados de ese estado, que en los \u00faltimos meses junto con Georgia y California, son las entidades que m\u00e1s \u00f3rdenes de deportaci\u00f3n ejercen contra migrantes.<br \/>\nApenas el d\u00eda martes, el presidente de la rep\u00fablica, Enrique Pe\u00f1a Nieto, acompa\u00f1ado del secretario de gobernaci\u00f3n, Miguel \u00c1ngel Osorio Chong, recibieron en el Aeropuerto Internacional de la Ciudad de M\u00e9xico, a los 135 deportados provenientes de los Estados Unidos, en la que se denomina como \u00ablas primeras v\u00edctimas de la era Trump\u00bb.<\/p>\n","protected":false},"excerpt":{"rendered":"<p>Chilpancingo, 10 de febrero de 2017.- El secretario de los Migrantes y Asuntos Internacionales (SEMAI), Fabi\u00e1n Morales March\u00e1n inform\u00f3 que de los 135 connacionales deportados de Estados Unidos el d\u00eda&hellip; <\/p>\n","protected":false},"author":1,"featured_media":0,"comment_status":"open","ping_status":"open","sticky":false,"template":"","format":"standard","meta":{"fifu_image_url":"","fifu_image_alt":"","footnotes":""},"categories":[8,11],"tags":[],"class_list":["post-1972","post","type-post","status-publish","format-standard","hentry","category-featured","category-guerrero"],"_links":{"self":[{"href":"https:\/\/www.interaccionnoticias.com.mx\/index.php?rest_route=\/wp\/v2\/posts\/1972","targetHints":{"allow":["GET"]}}],"collection":[{"href":"https:\/\/www.interaccionnoticias.com.mx\/index.php?rest_route=\/wp\/v2\/posts"}],"about":[{"href":"https:\/\/www.interaccionnoticias.com.mx\/index.php?rest_route=\/wp\/v2\/types\/post"}],"author":[{"embeddable":true,"href":"https:\/\/www.interaccionnoticias.com.mx\/index.php?rest_route=\/wp\/v2\/users\/1"}],"replies":[{"embeddable":true,"href":"https:\/\/www.interaccionnoticias.com.mx\/index.php?rest_route=%2Fwp%2Fv2%2Fcomments&post=1972"}],"version-history":[{"count":0,"href":"https:\/\/www.interaccionnoticias.com.mx\/index.php?rest_route=\/wp\/v2\/posts\/1972\/revisions"}],"wp:attachment":[{"href":"https:\/\/www.interaccionnoticias.com.mx\/index.php?rest_route=%2Fwp%2Fv2%2Fmedia&parent=1972"}],"wp:term":[{"taxonomy":"category","embeddable":true,"href":"https:\/\/www.interaccionnoticias.com.mx\/index.php?rest_route=%2Fwp%2Fv2%2Fcategories&post=1972"},{"taxonomy":"post_tag","embeddable":true,"href":"https:\/\/www.interaccionnoticias.com.mx\/index.php?rest_route=%2Fwp%2Fv2%2Ftags&post=1972"}],"curies":[{"name":"wp","href":"https:\/\/api.w.org\/{rel}","templated":true}]}}