{"id":1954,"date":"2017-02-09T20:29:10","date_gmt":"2017-02-10T02:29:10","guid":{"rendered":"http:\/\/www.inter-accion.com.mx\/?p=1954"},"modified":"2017-02-09T20:29:10","modified_gmt":"2017-02-10T02:29:10","slug":"piden-a-gobierno-desarmar-a-grupo-que-opera-en-san-jeronimo-palantla-chilapa","status":"publish","type":"post","link":"https:\/\/www.interaccionnoticias.com.mx\/?p=1954","title":{"rendered":"Piden a Gobierno desarmar a grupo que opera en San Jer\u00f3nimo Palantla, Chilapa"},"content":{"rendered":"<p><strong>Chilpancingo, 09 de febrero.-<\/strong> Habitantes de la comunidad de San Jer\u00f3nimo Palantla, perteneciente al municipio de Chilapa de \u00c1lvarez, pidieron al gobierno del estado el desarme de un grupo que opera en la zona, adem\u00e1s de la cancelaci\u00f3n de 65 \u00f3rdenes de aprehensi\u00f3n contra pobladores, en su mayor\u00eda mujeres.<br \/>\nA dos a\u00f1os del asesinato de cuatro hombres y una mujer en la Comisar\u00eda Municipal de San Jer\u00f3nimo Palantla, los familiares de las v\u00edctimas, exigieron la detenci\u00f3n de Domingo Org\u00edn Calvario, Constantino Calvario Merino, Antonio Bola\u00f1os Calvario, Apolinario Calvario Tlatempa y Florencio Calvario Tlatempa.<br \/>\nCornelio Xochitempa Tepetate, portavoz de los familiares, dijo que las personas antes se\u00f1aladas son tambi\u00e9n los orquestadores del asesinato del consejero de la Coordinadora Regional de Autoridades Comunitarias (CRAC), Isaac Xochitempa Chautla, adem\u00e1s de la detenci\u00f3n de 14 habitantes de su comunidad, en contubernio con la CRAC de Espino Blanco.<br \/>\nAdem\u00e1s son se\u00f1alados como responsables de integrar averiguaciones previas contra habitantes, en su mayor\u00eda mujeres bajo el delito de portar armas de alto poder, bajo el amparo de dirigentes del Frente de Defensa Popular (FDP), como Clemencia Guevara Tejedor.<br \/>\n\u00abExigimos que exista la investigaci\u00f3n a fondo de manera imparcial caiga quien caiga, nos apegamos con los principios de la CRAC de los pueblos fundadores, quien deba que la pague en el proceso de reeducaci\u00f3n\u00bb, indica textualmente parte de un comunicado que se ley\u00f3 durante la conferencia.<br \/>\nEn el \u00faltimo a\u00f1o, la comunidad ha sido testigo de distintos hechos violentos, en los que se contabilizan m\u00e1s de una decena de asesinatos.<\/p>\n","protected":false},"excerpt":{"rendered":"<p>Chilpancingo, 09 de febrero.- Habitantes de la comunidad de San Jer\u00f3nimo Palantla, perteneciente al municipio de Chilapa de \u00c1lvarez, pidieron al gobierno del estado el desarme de un grupo que&hellip; <\/p>\n","protected":false},"author":1,"featured_media":0,"comment_status":"open","ping_status":"open","sticky":false,"template":"","format":"standard","meta":{"fifu_image_url":"","fifu_image_alt":"","footnotes":""},"categories":[8,23],"tags":[],"class_list":["post-1954","post","type-post","status-publish","format-standard","hentry","category-featured","category-regionales"],"_links":{"self":[{"href":"https:\/\/www.interaccionnoticias.com.mx\/index.php?rest_route=\/wp\/v2\/posts\/1954","targetHints":{"allow":["GET"]}}],"collection":[{"href":"https:\/\/www.interaccionnoticias.com.mx\/index.php?rest_route=\/wp\/v2\/posts"}],"about":[{"href":"https:\/\/www.interaccionnoticias.com.mx\/index.php?rest_route=\/wp\/v2\/types\/post"}],"author":[{"embeddable":true,"href":"https:\/\/www.interaccionnoticias.com.mx\/index.php?rest_route=\/wp\/v2\/users\/1"}],"replies":[{"embeddable":true,"href":"https:\/\/www.interaccionnoticias.com.mx\/index.php?rest_route=%2Fwp%2Fv2%2Fcomments&post=1954"}],"version-history":[{"count":0,"href":"https:\/\/www.interaccionnoticias.com.mx\/index.php?rest_route=\/wp\/v2\/posts\/1954\/revisions"}],"wp:attachment":[{"href":"https:\/\/www.interaccionnoticias.com.mx\/index.php?rest_route=%2Fwp%2Fv2%2Fmedia&parent=1954"}],"wp:term":[{"taxonomy":"category","embeddable":true,"href":"https:\/\/www.interaccionnoticias.com.mx\/index.php?rest_route=%2Fwp%2Fv2%2Fcategories&post=1954"},{"taxonomy":"post_tag","embeddable":true,"href":"https:\/\/www.interaccionnoticias.com.mx\/index.php?rest_route=%2Fwp%2Fv2%2Ftags&post=1954"}],"curies":[{"name":"wp","href":"https:\/\/api.w.org\/{rel}","templated":true}]}}