{"id":1935,"date":"2017-02-09T18:32:01","date_gmt":"2017-02-10T00:32:01","guid":{"rendered":"http:\/\/www.inter-accion.com.mx\/?p=1935"},"modified":"2017-02-09T18:32:01","modified_gmt":"2017-02-10T00:32:01","slug":"fge-los-tequileros-estan-muy-disminuidos-ya-no-secuestran-en-san-miguel-totolapan","status":"publish","type":"post","link":"https:\/\/www.interaccionnoticias.com.mx\/?p=1935","title":{"rendered":"FGE: Los \u201cTequileros\u201d est\u00e1n muy disminuidos, ya no secuestran en San Miguel Totolapan"},"content":{"rendered":"<p>El diputado Sa\u00fal Beltr\u00e1n est\u00e1 bajo vigilancia, asegura vice fiscal<br \/>\nEl vice fiscal de investigaci\u00f3n de la Fiscal\u00eda General del Estado, Jos\u00e9 Antonio Bonilla Uribe sostuvo que la banda de \u201cLos Tequileros\u201d est\u00e1 disminuida y ya no tiene actividad en materia de secuestro; con pocos integrantes y escasos de armas, en tanto que el diputado Sa\u00fal Beltr\u00e1n Orozco, compadre de Raybel Jacobo Dealmonte, principal l\u00edder de la mencionada agrupaci\u00f3n permanece bajo vigilancia polic\u00edaca, aunque no se le puede detener porque tiene fuero constitucional.<br \/>\nEl responsable del \u00e1rea de investigaci\u00f3n criminal de la instancia encargada de la persecuci\u00f3n de los delitos en Guerrero, sostuvo que la operaci\u00f3n de \u201cLos Tequileros\u201d llam\u00f3 la atenci\u00f3n de la opini\u00f3n p\u00fablica nacional porque no recurri\u00f3 al plagio de personas de manera individual, lo hizo siempre en colectivo y en lugar de llevar a las v\u00edctimas a casas de seguridad las pon\u00eda a caminar entre cerros.<br \/>\nLa zona en que la banda de Jacobo Dealmonte manten\u00eda cautivas a sus v\u00edctimas eran los cerros que rodean a la comunidad de La Gavia, en el municipio de San Miguel Totolapan.<br \/>\nBonilla Uribe explic\u00f3 que son muchos los operativos implementados en la zona de influencia de Los Tequileros, con el principal objetivo de detener al l\u00edder, pero en el proceso se ha logrado la detenci\u00f3n de nueve personas, las cuales indic\u00f3, ya est\u00e1n sujetas a proceso en diferentes penales.<br \/>\nEn las \u00faltimas semanas se han asegurado 15 armas a los integrantes de la organizaci\u00f3n de referencia, lo que el funcionario considera como golpes determinantes.<br \/>\n&nbsp;\u201cEn algunas ocasiones yo he entrevistado a varios de los detenidos, el a\u00f1o antepasado, uno me dijo que el tequilero le da a cada uno un arma, esa arma es solo de el de tal manera que quitarle un arma es quitarle una persona\u201d, asever\u00f3.<br \/>\nRespecto a la situaci\u00f3n en que se encuentra la organizaci\u00f3n de referencia, destac\u00f3 que Los Tequileros son una organizaci\u00f3n criminal inactiva, principalmente en La Gavia, en donde durante las \u00faltimas semanas ya no se han registrado secuestros.&nbsp;&nbsp;&nbsp;<br \/>\nSa\u00fal Beltr\u00e1n, ubicado pero no se le puede detener<br \/>\nCuestionado sobre la situaci\u00f3n que enfrenta el diputado local del PRI, Sa\u00fal Beltr\u00e1n Orozco, Jos\u00e9 Antonio Bonilla precis\u00f3 que enfrenta una orden de aprehensi\u00f3n por el delito de homicidio, lo que motiv\u00f3 la presentaci\u00f3n de un juicio de procedencia en su contra.<br \/>\nA pregunta expresa, dijo que el representante popular est\u00e1 ubicado, con vigilancia polic\u00edaca permanente, pero tambi\u00e9n precis\u00f3 que no se le puede detener porque aun cuenta con fuero constitucional.<br \/>\nAl diputado Beltr\u00e1n Orozco se le document\u00f3 la relaci\u00f3n de compadrazgo que mantiene con el principal dirigente de \u201cLos Tequileros\u201d aunque no se le investiga por delincuencia organizada, si no por el delito de homicidio.<br \/>\nExplic\u00f3 que ya la FGE como parte acusadora solicit\u00f3 el desafuero del diputado; el Congreso local inici\u00f3 un Juicio de Procedencia y dentro del mismo, los diputados elegir\u00e1n una comisi\u00f3n que se erija como jurado para que presente sus alegatos y pruebas, lo que posteriormente dar\u00e1 sustancia al dictamen que se emita en torno al procedimiento requerido.<br \/>\n&nbsp;<\/p>\n","protected":false},"excerpt":{"rendered":"<p>El diputado Sa\u00fal Beltr\u00e1n est\u00e1 bajo vigilancia, asegura vice fiscal El vice fiscal de investigaci\u00f3n de la Fiscal\u00eda General del Estado, Jos\u00e9 Antonio Bonilla Uribe sostuvo que la banda de&hellip; <\/p>\n","protected":false},"author":1,"featured_media":0,"comment_status":"open","ping_status":"open","sticky":false,"template":"","format":"standard","meta":{"fifu_image_url":"","fifu_image_alt":"","footnotes":""},"categories":[8,27],"tags":[],"class_list":["post-1935","post","type-post","status-publish","format-standard","hentry","category-featured","category-seguridad-publica"],"_links":{"self":[{"href":"https:\/\/www.interaccionnoticias.com.mx\/index.php?rest_route=\/wp\/v2\/posts\/1935","targetHints":{"allow":["GET"]}}],"collection":[{"href":"https:\/\/www.interaccionnoticias.com.mx\/index.php?rest_route=\/wp\/v2\/posts"}],"about":[{"href":"https:\/\/www.interaccionnoticias.com.mx\/index.php?rest_route=\/wp\/v2\/types\/post"}],"author":[{"embeddable":true,"href":"https:\/\/www.interaccionnoticias.com.mx\/index.php?rest_route=\/wp\/v2\/users\/1"}],"replies":[{"embeddable":true,"href":"https:\/\/www.interaccionnoticias.com.mx\/index.php?rest_route=%2Fwp%2Fv2%2Fcomments&post=1935"}],"version-history":[{"count":0,"href":"https:\/\/www.interaccionnoticias.com.mx\/index.php?rest_route=\/wp\/v2\/posts\/1935\/revisions"}],"wp:attachment":[{"href":"https:\/\/www.interaccionnoticias.com.mx\/index.php?rest_route=%2Fwp%2Fv2%2Fmedia&parent=1935"}],"wp:term":[{"taxonomy":"category","embeddable":true,"href":"https:\/\/www.interaccionnoticias.com.mx\/index.php?rest_route=%2Fwp%2Fv2%2Fcategories&post=1935"},{"taxonomy":"post_tag","embeddable":true,"href":"https:\/\/www.interaccionnoticias.com.mx\/index.php?rest_route=%2Fwp%2Fv2%2Ftags&post=1935"}],"curies":[{"name":"wp","href":"https:\/\/api.w.org\/{rel}","templated":true}]}}